{"id":906,"date":"2024-10-29T20:50:36","date_gmt":"2024-10-29T19:50:36","guid":{"rendered":"http:\/\/blog.telenuovo.it\/giovanni-vitacchio\/2024\/10\/29\/il-pagellone-di-lecce-verona-5\/"},"modified":"2024-10-29T20:50:36","modified_gmt":"2024-10-29T19:50:36","slug":"il-pagellone-di-lecce-verona-5","status":"publish","type":"post","link":"https:\/\/blog.telenuovo.it\/giovanni-vitacchio\/2024\/10\/29\/il-pagellone-di-lecce-verona-5\/","title":{"rendered":"IL PAGELLONE DI LECCE-VERONA"},"content":{"rendered":"<p class=\"p1\"><span class=\"s1\">PERILLI 5 E\u2019 la pi\u00f9 grande sorpresa della formazione scelta da mister Zanetti, per la grande gioia di tutti quelli che volevano Montip\u00f2 in panchina. Regala il calcio d\u2019angolo che porterebbe al vantaggio del Lecce, ma il Var annulla. Sul gol che decide la partita mi pare un po\u2019 addormentato e in generale non pare mai sicuro, soprattutto nelle uscite. Siamo sicuri che fosse giusto cambiare???\u00a0<\/span><\/p>\n<p class=\"p1\"><span class=\"s1\">DANILIUC 5 Solitamente centrale, si ritrova a destra in una difesa a quattro. Nel momento in cui il Verona sembra poter controllare trova il coraggio di spingere, ma sempre con poca precisione. Anche dietro pare andare in difficolt\u00e0 ogni qualvolta i leccesi accelerano. E, se avete visto la partita, sapete bene che il verbo \u201caccelerano\u201d \u00e8 un equiparabile alla moviola.<\/span><\/p>\n<p class=\"p1\"><span class=\"s1\">MAGNANI s.v. (dall\u201984\u00b0)<\/span><\/p>\n<p class=\"p1\"><span class=\"s1\">COPPOLA 6 In marcatura su Krstovic non gioca sicuramente la partita della vita, ma concede poco e niente all\u2019attaccante, che prova soprattutto da fuori. Si vede, in ogni caso, che gioca cn un peso sul cuore, evidente strascico del disastro visto a Bergamo. Ma la presenza al suo fianco di Ghilardi, suo compagno anche in Nazionale, lo tranquillizza quel tanto che basta.<\/span><\/p>\n<p class=\"p1\"><span class=\"s1\">GHILARDI 6 Anche per lui non era affatto facile, dopo l\u2019imbarcata di Bergamo. Reagisce per\u00f2 sufficientemente, senza strafare, ma badando a fare le cose pi\u00f9 semplici possibili. Attento nel gioco aereo, coi piedi non \u00e8 proprio la cosa pi\u00f9 bella da vedere, ma tutto sommato ci sta.<\/span><\/p>\n<p class=\"p1\"><span class=\"s1\">TCHATCHOUA 5 Zanetti gli cambia fascia e lo sposta a sinistra. Parte bene, pimpante e con determinazione, soprattutto quando deve attaccare. Fa valere la sua forza fisica e si trova spesso in posizione comoda per crossare. Insomma, non male. Rovina tutto facendosi cacciare per fallo da ultimo uomo su Dorgu. Perch\u00e9 \u00e8 proprio lui a perdersi il giocatore del Lecce che parte dalla propria met\u00e0 campo, con un\u2019autostrada spalancata.<\/span><\/p>\n<p class=\"p1\"><span class=\"s1\">DUDA 5 Ma davvero questo \u00e8 il leader del quale ha bisogno il Verona? Sulla carta s\u00ec, ma poi lo vedi in campo e non capisci. Corricchia, porta avanti il pallone a due allora e lo tiene sempre un secondo di troppo in pi\u00f9 tra i piedi. Ma quando le cose non gli girano, solitamente ci mette almeno il temperamento. A Lecce nemmeno quello ci fa vedere. Male anche nei calci piazzati e non \u00e8 possibile accettarlo da uno con le sue qualit\u00e0 tecniche.<\/span><\/p>\n<p class=\"p1\"><span class=\"s1\">BELAHYANE 5 Sicuramente meglio rispetto a Bergamo, pi\u00f9 dentro la partita, pi\u00f9 propositivo e anche pi\u00f9 tonico, fisicamente. Dimostra di stare bene soprattutto quando \u00e8 costretto a rincorrere gli avversari in fase difensiva, arrivando sempre prima degli avversari. Rovina tutto con un cartellino rosso per proteste che \u00e8 figlio dei suoi vent\u2019anni. Gli si tappa la vena e lascia la squadra in nove, quando gi\u00e0 le speranze erano di fatto nulle.<\/span><\/p>\n<p class=\"p1\"><span class=\"s1\">SERDAR 4.5 Gioca nei tre dietro la punta, in posizione centrale. Idealmente dovrebbe essere il rifinitore ma rimane solo un\u2019idea e nulla pi\u00f9. E\u2019 in evidente ritardo di condizione e questo gli rende dannatamente difficile trovare il ritmo partita e, soprattutto, la miglior posizione in campo. Inoltre, cerca sempre la giocata pi\u00f9 difficile, quella risolutiva, quando dovrebbe solo ed esclusivamente semplificare le cose.<\/span><\/p>\n<p class=\"p1\"><span class=\"s1\">LAMBOURDE 5 (dal 64\u00b0) Non pervenuto.<\/span><\/p>\n<p class=\"p1\"><span class=\"s1\">SUSLOV 5 + Vale lo stesso discorso fatto per Duda. Nonostante sia ancora giovane, \u00e8 un leader morale di questa squadra. O almeno dovrebbe esserlo. Eppure anche lui da un po\u2019 di tempo a questa parte si sta nascondendo. Perch\u00e9? Non sta bene fisicamente? Non ha la testa a Verona? Si chiarisca le idee, perch\u00e9 il tempo \u00e8 finito. Il suo solo merito della partita \u00e8 l\u2019unico tiro in porta dell\u2019Hellas in 95 minuti. Comunque troppo poco.<\/span><\/p>\n<p class=\"p1\"><span class=\"s1\">DANI SILVA s.v. (dall\u201984\u00b0)<\/span><\/p>\n<p class=\"p1\"><span class=\"s1\">LAZOVIC 5 Un primo tempo non male, di buona sostanza e di idee chiare. Spinge tanto e si ritrova spesso col passo giusto per il cross in mezzo. Pecca un po\u2019 in precisione, quando non sono gli avversari a chiuderlo con energia. Con l\u2019espulsione di Tchatchoua \u00e8 costretto a fare il terzino sinistro, e paga pegno perdendo sciaguratamente Dorgu nell\u2019azione del vantaggio. Va bene la poca abitudine a quel ruolo, ma da uno con la sua esperienza non ti aspetti una svista del genere.<\/span><\/p>\n<p class=\"p1\"><span class=\"s1\">BRADARIC 5 (dal 64\u00b0) E\u2019 entrato in campo?<\/span><\/p>\n<p class=\"p1\"><span class=\"s1\">TENGSTEDT 5 Per sua stessa ammissione gioca meglio quando ha una punta di riferimento con la quale dialogare. Zanetti, invece, preferisce schierarlo con due mezze punte a sostegno. E lui non \u00e8 mai a suo agio. Si abbassa per andare incontro al pallone ma, inevitabilmente, si perde in area. Gioca pochi palloni, mai semplici e non riesce a lasciare il segno.<\/span><\/p>\n<p class=\"p1\"><span class=\"s1\">MOSQUERA 5.5 (dal 53\u00b0) Nessuna differenza rispetto a Tengstedt. Si fa notare solo per il 2-0 del Lecce salvato sulla linea di porta. <\/span><\/p>\n<p class=\"p1\"><span class=\"s1\">ALL. ZANETTI 5 Fa scelte importanti lasciando in panchina Montip\u00f2 e Magnani e torna ancora una volta alla difesa a quattro. Il Verona non parte male, ma va al piccolo troppo, non sembra affamato, forse dominato dalla paura. Passano i minuti e le cose non migliorano. A complicare le cose l\u2019espulsione di Tchatchoua. E per\u00f2 poi le sue scelte non convincono, con cambi poco logici, soprattutto Mosquera per Tengstedt, quando il Verona deve comunque provare di tutto per pareggiare. Non sta gestendo bene la situazione, pare poco lucido. Non vorrei che l\u2019emotivit\u00e0 della quale parlava Sogliano dopo Bergamo gli stia giocando contro.<\/span><\/p>\n","protected":false},"excerpt":{"rendered":"<p>PERILLI 5 E\u2019 la pi\u00f9 grande sorpresa della formazione scelta da mister Zanetti, per la grande gioia di tutti quelli che volevano Montip\u00f2 in panchina. Regala il calcio d\u2019angolo che porterebbe al vantaggio del Lecce, ma il Var annulla. Sul gol che decide la partita mi pare un po\u2019 addormentato e in generale non pare&#8230;  <a class=\"excerpt-read-more\" href=\"https:\/\/blog.telenuovo.it\/giovanni-vitacchio\/2024\/10\/29\/il-pagellone-di-lecce-verona-5\/\" title=\"Read IL PAGELLONE DI LECCE-VERONA\">Leggi tutto &raquo;<\/a><\/p>\n","protected":false},"author":4,"featured_media":0,"comment_status":"open","ping_status":"open","sticky":false,"template":"","format":"standard","meta":[],"categories":[1],"tags":[],"_links":{"self":[{"href":"https:\/\/blog.telenuovo.it\/giovanni-vitacchio\/wp-json\/wp\/v2\/posts\/906"}],"collection":[{"href":"https:\/\/blog.telenuovo.it\/giovanni-vitacchio\/wp-json\/wp\/v2\/posts"}],"about":[{"href":"https:\/\/blog.telenuovo.it\/giovanni-vitacchio\/wp-json\/wp\/v2\/types\/post"}],"author":[{"embeddable":true,"href":"https:\/\/blog.telenuovo.it\/giovanni-vitacchio\/wp-json\/wp\/v2\/users\/4"}],"replies":[{"embeddable":true,"href":"https:\/\/blog.telenuovo.it\/giovanni-vitacchio\/wp-json\/wp\/v2\/comments?post=906"}],"version-history":[{"count":0,"href":"https:\/\/blog.telenuovo.it\/giovanni-vitacchio\/wp-json\/wp\/v2\/posts\/906\/revisions"}],"wp:attachment":[{"href":"https:\/\/blog.telenuovo.it\/giovanni-vitacchio\/wp-json\/wp\/v2\/media?parent=906"}],"wp:term":[{"taxonomy":"category","embeddable":true,"href":"https:\/\/blog.telenuovo.it\/giovanni-vitacchio\/wp-json\/wp\/v2\/categories?post=906"},{"taxonomy":"post_tag","embeddable":true,"href":"https:\/\/blog.telenuovo.it\/giovanni-vitacchio\/wp-json\/wp\/v2\/tags?post=906"}],"curies":[{"name":"wp","href":"https:\/\/api.w.org\/{rel}","templated":true}]}}