{"id":161,"date":"2012-07-15T13:25:16","date_gmt":"2012-07-15T11:25:16","guid":{"rendered":"http:\/\/blog.telenuovo.it\/mario-poli\/?p=161"},"modified":"2012-07-15T14:21:21","modified_gmt":"2012-07-15T12:21:21","slug":"crisi-aria-fresca-e-vacanze","status":"publish","type":"post","link":"https:\/\/blog.telenuovo.it\/mario-poli\/2012\/07\/15\/crisi-aria-fresca-e-vacanze\/","title":{"rendered":"CRISI, ARIA FRESCA E VACANZE"},"content":{"rendered":"<p>52 societ\u00e0 che facevano attivit\u00e0 pro o nei campionati nazionali hanno rinunciato all\u2019attivit\u00e0 di vertice. Due in Lega A, due in Legadue, 3 in Dna, 6 in Dnb, 26 in Dnc. Altre 13 nel settore femminile.<br \/>\nLa crisi picchia duro, soprattutto nelle minors, dove talvolta basta la rinuncia di un co-sponsor per mettere in ginocchio un club.<br \/>\nLa parola d\u2019ordine \u00e8: ridimensionare. A tutti i livelli. C\u2019\u00e8 chi l\u2019ha capito, chi no. Della seconda schiera fanno parte qualche giocatore e soprattutto la Federbasket, che si \u00e8 rifiutata di ritoccare al ribasso parametri e tasse varie.<br \/>\nGiusto escludere Treviso. Ci sono regole da rispettare (la Pallacanestro Treviso ha chiesto di fare la C regionale proprio per salvare i parametri sui giocatori usciti dal vivaio biancoverde) e si sarebbe creato un precedente.<br \/>\nMa se si perdono per strada decine di realt\u00e0 si d\u00e0 colpa alla crisi. Non \u00e8 solo cos\u00ec.<br \/>\nPer i dirigenti ogni estate \u00e8 un dramma pianificare il budget e andare alla caccia di sponsor. E durante la stagione il sollecito del pagamento delle fatture insolute diventa un\u2019ossessione.<br \/>\nPer fortuna ci sono imprenditori seri, affidabili e appassionati. Per fortuna c\u2019\u00e8 il \u201cprogramma\u201d della Scaligera (come l\u2019ha chiamato coach Ramagli).<br \/>\nIn via Cristofoli hanno aperto la finestra al primo piano, facendo entrare aria fresca. Il g.m. risponde puntualmente alle mail, svela i nomi dei giocatori seguiti e addirittura aggiorna i tifosi con un diario americano. Il responsabile dell\u2019area tecnica non si fa problemi a confermare trattative di mercato ancora in definizione. E\u2019 un piacere lavorare cos\u00ec.<br \/>\nIn attesa che la pagina bianca di Ramagli si riempia di nomi, le mie trattative fino all\u20198 agosto si chiameranno spaghetti all\u2019astice, ciavattoni ai frutti di mare, tagliatelle con il moscolo, fritto e grigliata del Conero, spigole, saraghi.<\/p>\n","protected":false},"excerpt":{"rendered":"<p>52 societ\u00e0 che facevano attivit\u00e0 pro o nei campionati nazionali hanno rinunciato all\u2019attivit\u00e0 di vertice. Due in Lega A, due in Legadue, 3 in Dna, 6 in Dnb, 26 in Dnc. Altre 13 nel settore femminile. La crisi picchia duro, soprattutto nelle minors, dove talvolta basta la rinuncia di un co-sponsor per mettere in ginocchio&#8230;  <a class=\"excerpt-read-more\" href=\"https:\/\/blog.telenuovo.it\/mario-poli\/2012\/07\/15\/crisi-aria-fresca-e-vacanze\/\" title=\"Read CRISI, ARIA FRESCA E VACANZE\">Leggi tutto &raquo;<\/a><\/p>\n","protected":false},"author":6,"featured_media":0,"comment_status":"open","ping_status":"open","sticky":false,"template":"","format":"standard","meta":[],"categories":[1],"tags":[],"_links":{"self":[{"href":"https:\/\/blog.telenuovo.it\/mario-poli\/wp-json\/wp\/v2\/posts\/161"}],"collection":[{"href":"https:\/\/blog.telenuovo.it\/mario-poli\/wp-json\/wp\/v2\/posts"}],"about":[{"href":"https:\/\/blog.telenuovo.it\/mario-poli\/wp-json\/wp\/v2\/types\/post"}],"author":[{"embeddable":true,"href":"https:\/\/blog.telenuovo.it\/mario-poli\/wp-json\/wp\/v2\/users\/6"}],"replies":[{"embeddable":true,"href":"https:\/\/blog.telenuovo.it\/mario-poli\/wp-json\/wp\/v2\/comments?post=161"}],"version-history":[{"count":2,"href":"https:\/\/blog.telenuovo.it\/mario-poli\/wp-json\/wp\/v2\/posts\/161\/revisions"}],"predecessor-version":[{"id":170,"href":"https:\/\/blog.telenuovo.it\/mario-poli\/wp-json\/wp\/v2\/posts\/161\/revisions\/170"}],"wp:attachment":[{"href":"https:\/\/blog.telenuovo.it\/mario-poli\/wp-json\/wp\/v2\/media?parent=161"}],"wp:term":[{"taxonomy":"category","embeddable":true,"href":"https:\/\/blog.telenuovo.it\/mario-poli\/wp-json\/wp\/v2\/categories?post=161"},{"taxonomy":"post_tag","embeddable":true,"href":"https:\/\/blog.telenuovo.it\/mario-poli\/wp-json\/wp\/v2\/tags?post=161"}],"curies":[{"name":"wp","href":"https:\/\/api.w.org\/{rel}","templated":true}]}}