{"id":2484,"date":"2019-02-28T23:38:54","date_gmt":"2019-02-28T22:38:54","guid":{"rendered":"https:\/\/blog.telenuovo.it\/mario-poli\/?p=2484"},"modified":"2019-03-01T08:47:04","modified_gmt":"2019-03-01T07:47:04","slug":"the-machine","status":"publish","type":"post","link":"https:\/\/blog.telenuovo.it\/mario-poli\/2019\/02\/28\/the-machine\/","title":{"rendered":"THE MACHINE"},"content":{"rendered":"<p><em>\u201cIl vino prepara i cuori e li rende pi\u00f9 pronti alla passione\u201d. (Ovidio)\u00a0<\/em><\/p>\n<p>Nemmeno nei tempi d\u2019oro della Verona dei canestri era mai arrivato a vestire la maglia giallobl\u00f9 un giocatore con il palmar\u00e8s di Sa\u0161a Vuja\u010di\u0107. Stiamo parlando di un vincitore di due anelli Nba con i Lakers, che l\u2019anno dopo il secondo titolo passando ai NJ Nets ha tenuto oltre 11 punti di media in 28,5 minuti di utilizzo. Un tipo da 10 stagioni nei pro con 581 partite giocate e una media di oltre 15 minuti.<\/p>\n<p>Un regalo senza precedenti che il patron Gianluigi Pedrollo &#8211; legittimamente soddisfatto nonostante questo ennesimo extrabudget &#8211; ha fatto ai tifosi giallobl\u00f9 giusto alla vigilia delle Final Eight di Coppa Italia, quella Coppa Italia che la stella slovena ha vinto l\u2019anno scorso in serie A con Torino, tenendo 12,7 punti di media con la squadra targata Fiat.<\/p>\n<p>Ai Lakers lui e Kobe Bryant erano subito entrati in sintonia perch\u00e9 condividevano la lingua italiana (si narra che il Black Mamba lo abbia pi\u00f9 volte insultato in partita nella nostra lingua) e la stessa voglia ossessiva di lavorare in palestra, trovandosi anche per sessioni di allenamento all\u2019alba. Ecco quindi il nickname &#8220;The Machine&#8221;, la macchina, perch\u00e8 Vuja\u010di\u0107 \u00e8 un professionista ineccepibile quando si tratta di pallacanestro.<\/p>\n<p>Un colpo straordinario anche sotto l\u2019aspetto mediatico, che sorpassa in un amen il precedente arrivo di Logan a Treviso e quello recentissimo di Carlos Delfino alla Fortitudo. Adesso dal pubblico dovr\u00e0 arrivare una risposta all&#8217;altezza degli sforzi della propriet\u00e0 della Scaligera Basket, giacch\u00e9 con un incasso come quello di sabato scorso contro la Bakery si arriva a malapena a coprire le spese per gli stewards.<\/p>\n<p>Il vicepresidente Giorgio Pedrollo e il g.m. Daniele Della Fiori hanno portato avanti la trattativa con pazienza e tenacia, grazie anche ai buoni uffici del manager veronese Zeno Pisani, che da anni vive a Los Angeles.<\/p>\n<p>E il ruolo di Verona citt\u00e0 del vino ha avuto un\u2019influenza determinante, considerata l\u2019attivit\u00e0 extracestistica che Vuja\u010di\u0107 ha avviato nella Napa Valley a Paso Robles con il brand Alexander Wine. E allora brindiamo, rigorosamente con l\u2019Amarone. Dobrodo\u0161li Sasha.<\/p>\n<p>&nbsp;<\/p>\n","protected":false},"excerpt":{"rendered":"<p>\u201cIl vino prepara i cuori e li rende pi\u00f9 pronti alla passione\u201d. (Ovidio)\u00a0 Nemmeno nei tempi d\u2019oro della Verona dei canestri era mai arrivato a vestire la maglia giallobl\u00f9 un giocatore con il palmar\u00e8s di Sa\u0161a Vuja\u010di\u0107. Stiamo parlando di un vincitore di due anelli Nba con i Lakers, che l\u2019anno dopo il secondo titolo&#8230;  <a class=\"excerpt-read-more\" href=\"https:\/\/blog.telenuovo.it\/mario-poli\/2019\/02\/28\/the-machine\/\" title=\"Read THE MACHINE\">Leggi tutto &raquo;<\/a><\/p>\n","protected":false},"author":6,"featured_media":0,"comment_status":"open","ping_status":"open","sticky":false,"template":"","format":"standard","meta":[],"categories":[1],"tags":[],"_links":{"self":[{"href":"https:\/\/blog.telenuovo.it\/mario-poli\/wp-json\/wp\/v2\/posts\/2484"}],"collection":[{"href":"https:\/\/blog.telenuovo.it\/mario-poli\/wp-json\/wp\/v2\/posts"}],"about":[{"href":"https:\/\/blog.telenuovo.it\/mario-poli\/wp-json\/wp\/v2\/types\/post"}],"author":[{"embeddable":true,"href":"https:\/\/blog.telenuovo.it\/mario-poli\/wp-json\/wp\/v2\/users\/6"}],"replies":[{"embeddable":true,"href":"https:\/\/blog.telenuovo.it\/mario-poli\/wp-json\/wp\/v2\/comments?post=2484"}],"version-history":[{"count":4,"href":"https:\/\/blog.telenuovo.it\/mario-poli\/wp-json\/wp\/v2\/posts\/2484\/revisions"}],"predecessor-version":[{"id":2490,"href":"https:\/\/blog.telenuovo.it\/mario-poli\/wp-json\/wp\/v2\/posts\/2484\/revisions\/2490"}],"wp:attachment":[{"href":"https:\/\/blog.telenuovo.it\/mario-poli\/wp-json\/wp\/v2\/media?parent=2484"}],"wp:term":[{"taxonomy":"category","embeddable":true,"href":"https:\/\/blog.telenuovo.it\/mario-poli\/wp-json\/wp\/v2\/categories?post=2484"},{"taxonomy":"post_tag","embeddable":true,"href":"https:\/\/blog.telenuovo.it\/mario-poli\/wp-json\/wp\/v2\/tags?post=2484"}],"curies":[{"name":"wp","href":"https:\/\/api.w.org\/{rel}","templated":true}]}}