{"id":2709,"date":"2019-05-19T23:10:09","date_gmt":"2019-05-19T21:10:09","guid":{"rendered":"https:\/\/blog.telenuovo.it\/mario-poli\/?p=2709"},"modified":"2019-05-19T23:16:59","modified_gmt":"2019-05-19T21:16:59","slug":"non-e-finita","status":"publish","type":"post","link":"https:\/\/blog.telenuovo.it\/mario-poli\/2019\/05\/19\/non-e-finita\/","title":{"rendered":"NON E&#8217; FINITA"},"content":{"rendered":"<p><em>\u201cCos\u00ec, aprendo l&#8217;anima cos\u00ec, lasciando uscire quello che ognuno ha dentro, ognuno ha in fondo a se stesso. Che per miracolo adesso sembra persino pi\u00f9 sincero nel cantare, nel cantare insieme\u201d (\u201cQuestione di feeling\u201d &#8211; Riccardo Cocciante)<\/em><\/p>\n<p>L\u2019avvisaglia del patatrac si era gi\u00e0 avuta in gara-3. Nelle ultime due partite della serie con Treviglio la Tezenis si \u00e8 trovata ad inseguire per quasi met\u00e0 partita in gara-3 e dal primo all\u2019ultimo minuto (escluso l\u2019effimero 2-2 dopo 41\u201d) in gara-4. \u00a0Ma anche nella seconda partita al PalaFacchetti, quella che di fatto ha girato la serie, gli orobici hanno comandato per circa 21\u2019. E\u2019 stato l\u00e0 che Verona ha compromesso la serie, lasciando a una Remer incerottata &#8211; bench\u00e9 l\u2019assenza di Amato abbia pesato &#8211; di tornare in corsa. Un errore imperdonabile, acuito dalla sconcertante prestazione difensiva all\u2019Agsm Forum.<\/p>\n<p>Ma non \u00e8 finita, per fortuna. E giganti giallobl\u00f9 avranno l\u2019occasione di mostrare di essere in grado di reagire. Lo devono ai tifosi, gi\u00e0 presenti numerosi nei primi due viaggi al PalaFacchetti (sebbene poi in gara-4 si siano fatti sentire di pi\u00f9 i supporter orobici), lo devono alla societ\u00e0.<\/p>\n<p>Al netto della comprensibile incazzatura del presidente Pedrollo, che si \u00e8 lasciato andare a uno sfogo che sicuramente sar\u00e0 smorzato dopo un confronto con il figlio e vicepresidente Giorgio, che vive quotidianamente gli onori e gli oneri della Scaligera Basket. Con un appunto: anche dopo una batosta sarebbe opportuno restare fino alla fine, senza lasciarsi prendere dallo sconforto abbandonando il Palazzo in anticipo. Si vince e si perde tutti assieme, poi se questa squadra non riuscir\u00e0 \u00a0a decollare fino alla semifinale le responsabilit\u00e0 saranno individuate, ma non giustifica di dover mandare tutto a remengo.<\/p>\n<p>Tant\u2019\u00e8, ora \u00e8 il momento che tutti diano fondo a tutte le forze e tirino fuori gli attributi. La reazione passa dall\u2019orgoglio di non sprecare un\u2019altra chance, dalla consapevolezza che la semifinale si pu\u00f2 ancora conquistare, ma anche dalla necessit\u00e0 di evitare che il gioco appiattisca troppo i suoi protagonisti, com\u2019\u00e8 capitato talvolta. E adeguarsi esageratamente agli avversari pu\u00f2 rivelarsi un pericoloso un segnale di debolezza.<\/p>\n<p>Poi nei playoff la differenza la fa la testa, la mentalit\u00e0. Come sempre. E un feeling nel gruppo che le ultime prestazioni danno l\u2019impressione di essere un po\u2019 appannato nella Verona dei canestri. Ma non \u00e8 finita, e non lo sar\u00e0 neanche dopo gara-5 a Treviglio.<\/p>\n","protected":false},"excerpt":{"rendered":"<p>\u201cCos\u00ec, aprendo l&#8217;anima cos\u00ec, lasciando uscire quello che ognuno ha dentro, ognuno ha in fondo a se stesso. Che per miracolo adesso sembra persino pi\u00f9 sincero nel cantare, nel cantare insieme\u201d (\u201cQuestione di feeling\u201d &#8211; Riccardo Cocciante) L\u2019avvisaglia del patatrac si era gi\u00e0 avuta in gara-3. Nelle ultime due partite della serie con Treviglio la&#8230;  <a class=\"excerpt-read-more\" href=\"https:\/\/blog.telenuovo.it\/mario-poli\/2019\/05\/19\/non-e-finita\/\" title=\"Read NON E&#8217; FINITA\">Leggi tutto &raquo;<\/a><\/p>\n","protected":false},"author":6,"featured_media":0,"comment_status":"open","ping_status":"open","sticky":false,"template":"","format":"standard","meta":[],"categories":[1],"tags":[],"_links":{"self":[{"href":"https:\/\/blog.telenuovo.it\/mario-poli\/wp-json\/wp\/v2\/posts\/2709"}],"collection":[{"href":"https:\/\/blog.telenuovo.it\/mario-poli\/wp-json\/wp\/v2\/posts"}],"about":[{"href":"https:\/\/blog.telenuovo.it\/mario-poli\/wp-json\/wp\/v2\/types\/post"}],"author":[{"embeddable":true,"href":"https:\/\/blog.telenuovo.it\/mario-poli\/wp-json\/wp\/v2\/users\/6"}],"replies":[{"embeddable":true,"href":"https:\/\/blog.telenuovo.it\/mario-poli\/wp-json\/wp\/v2\/comments?post=2709"}],"version-history":[{"count":4,"href":"https:\/\/blog.telenuovo.it\/mario-poli\/wp-json\/wp\/v2\/posts\/2709\/revisions"}],"predecessor-version":[{"id":2715,"href":"https:\/\/blog.telenuovo.it\/mario-poli\/wp-json\/wp\/v2\/posts\/2709\/revisions\/2715"}],"wp:attachment":[{"href":"https:\/\/blog.telenuovo.it\/mario-poli\/wp-json\/wp\/v2\/media?parent=2709"}],"wp:term":[{"taxonomy":"category","embeddable":true,"href":"https:\/\/blog.telenuovo.it\/mario-poli\/wp-json\/wp\/v2\/categories?post=2709"},{"taxonomy":"post_tag","embeddable":true,"href":"https:\/\/blog.telenuovo.it\/mario-poli\/wp-json\/wp\/v2\/tags?post=2709"}],"curies":[{"name":"wp","href":"https:\/\/api.w.org\/{rel}","templated":true}]}}