{"id":2865,"date":"2019-11-25T10:57:07","date_gmt":"2019-11-25T09:57:07","guid":{"rendered":"https:\/\/blog.telenuovo.it\/mario-poli\/?p=2865"},"modified":"2019-11-26T10:57:39","modified_gmt":"2019-11-26T09:57:39","slug":"piadina-amara","status":"publish","type":"post","link":"https:\/\/blog.telenuovo.it\/mario-poli\/2019\/11\/25\/piadina-amara\/","title":{"rendered":"PIADINA AMARA"},"content":{"rendered":"<p><em>\u201cLottare con tutte le proprie forze contro qualcosa che non volete equivale a investire energia affinch\u00e9 ci\u00f2 si produca nella vostra vita\u201d. (Vadim Zeland)<\/em><\/p>\n<p>Riflessioni a freddo dopo la sconfitta a Forl\u00ec. Partita a due velocit\u00e0. L\u2019energia di Forl\u00ec ha spezzato la Tezenis, ma il k.o. in terra di Romagna non deve minare le certezze della Verona dei canestri. Sarebbe l\u2019errore pi\u00f9 grave.<br \/>\nLe parole di LDM nel dopo partita possono sollevare qualche legittima perplessit\u00e0 (\u201cme l\u2019aspettavo\u201d), tuttavia ha perfettamente ragione nel sostenere che la lezione forlivese gli serve per capire dove intervenire e spera che anche i giocatori lo capiscano .<br \/>\nLa Tezenis ha subito 3 sconfitte in queste prime 10 giornate; l\u2019anno scorso era 6-4, nei due anni precedenti 4-6. Anche nella stagione di Crespi stava 6-4. L\u2019ultimo anno di Ramagli la corazzata giallobl\u00f9 alla 10\u00aa giornata era 9-1 (la prima partita con Veroli venne cancellata). Diciamo che perdere a Forl\u00ec ci sta, con Orzinuovi e in casa con Piacenza un po\u2019 meno, al di l\u00e0 degli acciacchi.<br \/>\nIl campionato \u00e8 ancora molto lungo e la promozione si decider\u00e0 a maggio, quando intensit\u00e0, energia e durezza mentale saranno decisive. Ed \u00e8 proprio l\u00ec che bisogna intervenire.<\/p>\n","protected":false},"excerpt":{"rendered":"<p>\u201cLottare con tutte le proprie forze contro qualcosa che non volete equivale a investire energia affinch\u00e9 ci\u00f2 si produca nella vostra vita\u201d. (Vadim Zeland) Riflessioni a freddo dopo la sconfitta a Forl\u00ec. Partita a due velocit\u00e0. L\u2019energia di Forl\u00ec ha spezzato la Tezenis, ma il k.o. in terra di Romagna non deve minare le certezze&#8230;  <a class=\"excerpt-read-more\" href=\"https:\/\/blog.telenuovo.it\/mario-poli\/2019\/11\/25\/piadina-amara\/\" title=\"Read PIADINA AMARA\">Leggi tutto &raquo;<\/a><\/p>\n","protected":false},"author":6,"featured_media":0,"comment_status":"open","ping_status":"open","sticky":false,"template":"","format":"standard","meta":[],"categories":[1],"tags":[],"_links":{"self":[{"href":"https:\/\/blog.telenuovo.it\/mario-poli\/wp-json\/wp\/v2\/posts\/2865"}],"collection":[{"href":"https:\/\/blog.telenuovo.it\/mario-poli\/wp-json\/wp\/v2\/posts"}],"about":[{"href":"https:\/\/blog.telenuovo.it\/mario-poli\/wp-json\/wp\/v2\/types\/post"}],"author":[{"embeddable":true,"href":"https:\/\/blog.telenuovo.it\/mario-poli\/wp-json\/wp\/v2\/users\/6"}],"replies":[{"embeddable":true,"href":"https:\/\/blog.telenuovo.it\/mario-poli\/wp-json\/wp\/v2\/comments?post=2865"}],"version-history":[{"count":1,"href":"https:\/\/blog.telenuovo.it\/mario-poli\/wp-json\/wp\/v2\/posts\/2865\/revisions"}],"predecessor-version":[{"id":2866,"href":"https:\/\/blog.telenuovo.it\/mario-poli\/wp-json\/wp\/v2\/posts\/2865\/revisions\/2866"}],"wp:attachment":[{"href":"https:\/\/blog.telenuovo.it\/mario-poli\/wp-json\/wp\/v2\/media?parent=2865"}],"wp:term":[{"taxonomy":"category","embeddable":true,"href":"https:\/\/blog.telenuovo.it\/mario-poli\/wp-json\/wp\/v2\/categories?post=2865"},{"taxonomy":"post_tag","embeddable":true,"href":"https:\/\/blog.telenuovo.it\/mario-poli\/wp-json\/wp\/v2\/tags?post=2865"}],"curies":[{"name":"wp","href":"https:\/\/api.w.org\/{rel}","templated":true}]}}