{"id":2874,"date":"2019-12-16T10:31:14","date_gmt":"2019-12-16T09:31:14","guid":{"rendered":"https:\/\/blog.telenuovo.it\/mario-poli\/?p=2874"},"modified":"2019-12-16T17:46:08","modified_gmt":"2019-12-16T16:46:08","slug":"i-sogni-nel-cuore","status":"publish","type":"post","link":"https:\/\/blog.telenuovo.it\/mario-poli\/2019\/12\/16\/i-sogni-nel-cuore\/","title":{"rendered":"I SOGNI NEL CUORE"},"content":{"rendered":"<p><em>\u201cUn corridore deve correre con i sogni nel cuore, non con i soldi nel portafogli\u201d (Emil Zatopek)<\/em><\/p>\n<p>Meglio essere fuori dalla Coppa Italia, evitando tre ipotetiche partite in tre giorni, oppure siamo alle prese con un altro flop?<br \/>\nLa Tezenis ha mancato il primo obiettivo di questa stagione, inutile nasconderlo. Che poi questo obiettivo fosse davvero essenziale \u00e8 un\u2019altra questione. (In ogni caso potete andare a guardarvi il blog del 9 settembre sulla \u201cVolpe e l\u2019uva\u201d).<br \/>\nLa famiglia voleva questa qualificazione, ma sfido chiunque a dire che si aspettava di sentir dire che alla Scaligera non fregava nulla della Coppa.<br \/>\nIl problema \u00e8 un altro. Nessuno poteva immaginarsi che la Tezenis avrebbe virato la boa del girone di ritorno con un bilancio di 8 vinte e 5 perse, con ben 3 sconfitte in casa e un k.o. pure con la cenerentola Orzinuovi.<br \/>\nContro Mantova i giganti giallobl\u00f9 sono crollati nella ripresa: 19 punti segnati, 8 nell\u2019ultimo quarto con un solo canestro dal campo, messo a segno da Tomassini, l\u2019unico che ha lottato con intensit\u00e0 dall\u2019inizio alla fine.<br \/>\nProprio l\u2019intensit\u00e0 ha fatto la differenza. Mantova correva, Verona camminava. I problemi fisici che hanno condizionato la qualit\u00e0 degli allenamenti (non ultima la situazione di Severini, in attesa di finire sotto i ferri) e l\u2019assenza di Hasbrouck giustificano fino ad un certo punto la prova dei giganti giallobl\u00f9. Gi\u00e0 contro Montegranaro la Tezenis aveva rischiato grosso, pagando un calo nel secondo tempo, con Mantova la flessione \u00e8 stata ancora pi\u00f9 evidente e le percentuali di tiro (1\/11 nei 10 minuti finali) sono eloquenti.<br \/>\nEvidentemente la squadra deve ancora liberarsi delle scorie accumulate in questi mesi e abituarsi ad una filosofia di gioco ben diversa. E\u2019 sufficiente guardare le statistiche: 38 tiri da 2 contro 17 da 3. Una reazione \u00e8 doverosa, si sa che il lavoro paga, ma la Tezenis deve tornare a correre. In tutti i sensi.<\/p>\n","protected":false},"excerpt":{"rendered":"<p>\u201cUn corridore deve correre con i sogni nel cuore, non con i soldi nel portafogli\u201d (Emil Zatopek) Meglio essere fuori dalla Coppa Italia, evitando tre ipotetiche partite in tre giorni, oppure siamo alle prese con un altro flop? La Tezenis ha mancato il primo obiettivo di questa stagione, inutile nasconderlo. Che poi questo obiettivo fosse&#8230;  <a class=\"excerpt-read-more\" href=\"https:\/\/blog.telenuovo.it\/mario-poli\/2019\/12\/16\/i-sogni-nel-cuore\/\" title=\"Read I SOGNI NEL CUORE\">Leggi tutto &raquo;<\/a><\/p>\n","protected":false},"author":6,"featured_media":0,"comment_status":"open","ping_status":"open","sticky":false,"template":"","format":"standard","meta":[],"categories":[1],"tags":[],"_links":{"self":[{"href":"https:\/\/blog.telenuovo.it\/mario-poli\/wp-json\/wp\/v2\/posts\/2874"}],"collection":[{"href":"https:\/\/blog.telenuovo.it\/mario-poli\/wp-json\/wp\/v2\/posts"}],"about":[{"href":"https:\/\/blog.telenuovo.it\/mario-poli\/wp-json\/wp\/v2\/types\/post"}],"author":[{"embeddable":true,"href":"https:\/\/blog.telenuovo.it\/mario-poli\/wp-json\/wp\/v2\/users\/6"}],"replies":[{"embeddable":true,"href":"https:\/\/blog.telenuovo.it\/mario-poli\/wp-json\/wp\/v2\/comments?post=2874"}],"version-history":[{"count":3,"href":"https:\/\/blog.telenuovo.it\/mario-poli\/wp-json\/wp\/v2\/posts\/2874\/revisions"}],"predecessor-version":[{"id":2878,"href":"https:\/\/blog.telenuovo.it\/mario-poli\/wp-json\/wp\/v2\/posts\/2874\/revisions\/2878"}],"wp:attachment":[{"href":"https:\/\/blog.telenuovo.it\/mario-poli\/wp-json\/wp\/v2\/media?parent=2874"}],"wp:term":[{"taxonomy":"category","embeddable":true,"href":"https:\/\/blog.telenuovo.it\/mario-poli\/wp-json\/wp\/v2\/categories?post=2874"},{"taxonomy":"post_tag","embeddable":true,"href":"https:\/\/blog.telenuovo.it\/mario-poli\/wp-json\/wp\/v2\/tags?post=2874"}],"curies":[{"name":"wp","href":"https:\/\/api.w.org\/{rel}","templated":true}]}}