{"id":2913,"date":"2020-03-29T15:07:46","date_gmt":"2020-03-29T13:07:46","guid":{"rendered":"https:\/\/blog.telenuovo.it\/mario-poli\/?p=2913"},"modified":"2020-03-30T18:15:49","modified_gmt":"2020-03-30T16:15:49","slug":"inevitabile","status":"publish","type":"post","link":"https:\/\/blog.telenuovo.it\/mario-poli\/2020\/03\/29\/inevitabile\/","title":{"rendered":"INEVITABILE"},"content":{"rendered":"<p><em>\u201cIo credo, risorger\u00f2, questo mio corpo vedr\u00e0 il Salvatore\u201d (canto religioso molto in voga tra i tifosi dell\u2019Hellas Verona)<\/em><\/p>\n<p>Annullamento del campionato. Una scelta dolorosa, ma inevitabile. Non ci sono i margini per una ripresa dell\u2019attivit\u00e0 e per terminare in tempi accettabili la regular season e i playoff.<br \/>\nAltri sport hanno gi\u00e0 alzato bandiera bianca: il rugby per primo ha cancellato tutti i campionati, il ciclismo ha rinviato il Giro d\u2019Italia, la F1 ha annullato sette Gran Premi, fino alle Olimpiadi, evento sportivo per eccellenza, posticipate di un anno.<br \/>\nE il basket? Il presidente Petrucci ha cercato ad ogni costo di far concludere la serie A. LNP non pi\u00f9 tardi di gioved\u00ec sera diramava l\u2019ennesimo comunicato con l\u2019ipotesi di far ripartire l\u2019attivit\u00e0 entro met\u00e0 maggio, ponendo ancora la scellerata condizione di far giocare le partite a porte aperte. Un segnale di perdita della realt\u00e0 in un Paese che vive blindato da due settimane e chiss\u00e0 ancora per quanto, e dove la conta delle vittime pesa per un terzo dell\u2019intero pianeta.<br \/>\nCos\u00ec alla fine anche Petrucci si \u00e8 arreso. Il primo segnale \u00e8 stato una lettera diffusa nella serata sempre del 26 marzo (orario &#8220;modalit\u00e0 Conte\u201d, per capirci), annunciando la decisione di annullare tutti i campionati regionali senior e giovanili. Nel passo successivo toccher\u00e0 ai campionati nazionali e tutte le classifiche saranno annullate. Nessuna promozione, nessuna retrocessione. L&#8217;ultima parola spetter\u00e0 al Governo e al CONI, mentre LNP e LBA si sono date met\u00e0 aprile come deadline.<br \/>\nE\u2019 giusto che chi magari ha vinto una partita si ritrovi nella prossima stagione con chi invece le ha vinte quasi tutte? Per\u00f2 nemmeno lo scudetto verr\u00e0 assegnato. Come ai tempi di guerra. Perch\u00e9 \u00e8 una guerra quella che stiamo combattendo. Per vincerla. E la quarantena si sta trasformando, purtroppo, nei playoff di questa stagione. La Verona dei canestri risorger\u00e0, la famiglia Pedrollo \u00e8 pronta e carica. Alla prossima.<\/p>\n<p>&nbsp;<\/p>\n","protected":false},"excerpt":{"rendered":"<p>\u201cIo credo, risorger\u00f2, questo mio corpo vedr\u00e0 il Salvatore\u201d (canto religioso molto in voga tra i tifosi dell\u2019Hellas Verona) Annullamento del campionato. Una scelta dolorosa, ma inevitabile. Non ci sono i margini per una ripresa dell\u2019attivit\u00e0 e per terminare in tempi accettabili la regular season e i playoff. Altri sport hanno gi\u00e0 alzato bandiera bianca:&#8230;  <a class=\"excerpt-read-more\" href=\"https:\/\/blog.telenuovo.it\/mario-poli\/2020\/03\/29\/inevitabile\/\" title=\"Read INEVITABILE\">Leggi tutto &raquo;<\/a><\/p>\n","protected":false},"author":6,"featured_media":0,"comment_status":"open","ping_status":"open","sticky":false,"template":"","format":"standard","meta":[],"categories":[1],"tags":[],"_links":{"self":[{"href":"https:\/\/blog.telenuovo.it\/mario-poli\/wp-json\/wp\/v2\/posts\/2913"}],"collection":[{"href":"https:\/\/blog.telenuovo.it\/mario-poli\/wp-json\/wp\/v2\/posts"}],"about":[{"href":"https:\/\/blog.telenuovo.it\/mario-poli\/wp-json\/wp\/v2\/types\/post"}],"author":[{"embeddable":true,"href":"https:\/\/blog.telenuovo.it\/mario-poli\/wp-json\/wp\/v2\/users\/6"}],"replies":[{"embeddable":true,"href":"https:\/\/blog.telenuovo.it\/mario-poli\/wp-json\/wp\/v2\/comments?post=2913"}],"version-history":[{"count":7,"href":"https:\/\/blog.telenuovo.it\/mario-poli\/wp-json\/wp\/v2\/posts\/2913\/revisions"}],"predecessor-version":[{"id":2921,"href":"https:\/\/blog.telenuovo.it\/mario-poli\/wp-json\/wp\/v2\/posts\/2913\/revisions\/2921"}],"wp:attachment":[{"href":"https:\/\/blog.telenuovo.it\/mario-poli\/wp-json\/wp\/v2\/media?parent=2913"}],"wp:term":[{"taxonomy":"category","embeddable":true,"href":"https:\/\/blog.telenuovo.it\/mario-poli\/wp-json\/wp\/v2\/categories?post=2913"},{"taxonomy":"post_tag","embeddable":true,"href":"https:\/\/blog.telenuovo.it\/mario-poli\/wp-json\/wp\/v2\/tags?post=2913"}],"curies":[{"name":"wp","href":"https:\/\/api.w.org\/{rel}","templated":true}]}}