{"id":3073,"date":"2021-07-29T17:19:21","date_gmt":"2021-07-29T15:19:21","guid":{"rendered":"https:\/\/blog.telenuovo.it\/mario-poli\/?p=3073"},"modified":"2021-07-29T20:55:44","modified_gmt":"2021-07-29T18:55:44","slug":"rosso-di-vergogna","status":"publish","type":"post","link":"https:\/\/blog.telenuovo.it\/mario-poli\/2021\/07\/29\/rosso-di-vergogna\/","title":{"rendered":"ROSSO DI VERGOGNA"},"content":{"rendered":"<p><em>&#8220;I miei cartografi mi hanno rubato pi\u00f9 terre dei miei nemici&#8221;.\u00a0(Luigi XIV)<\/em><\/p>\n<p>Diciamola tutta: trasferte a parte, il girone della Tezenis non \u00e8 poi cos\u00ec brutto. Evitare le corazzate Cant\u00f9 e Udine, e la stessa Torino, non \u00e8 male. Tuttavia la scelta della FIP, avvallata da LNP, merita qualche considerazione.<br \/>\nRiesce difficile comprendere il criterio geografico che ha portato a creare un girone interamente del Nord (oltre alle siciliane), da Ovest a Est, escludendo per\u00f2 Verona che sta giusto nel mezzo.<br \/>\nAppare anche di non facile comprensione la scelta di un improvviso rigore nell\u2019evitare di dividere squadre della stessa regione, criterio ampiamente ignorato fino a quest\u2019anno. Cos\u00ec le emiliane tutte di qua, le lombarde tutte di l\u00e0. Le Toscane invece divise: Chiusi di qua, Pistoia di l\u00e0. E tutte le neopromosse inserite nello stesso girone, assieme pure alla ripescata San Severo.<br \/>\nQuello che sconcerta \u00e8 la pesantezza in termini di viaggi: le trasferte nel girone rosso infatti dovranno essere affrontate tutte in pullman, con l\u2019eccezione di Roma (Stella Azzurra, perch\u00e9 l\u2019Eurobasket dovrebbe tornare a Cisterna essendo scaduta la deroga) che si potr\u00e0 fare in treno o in aereo, mezzo &#8211; quest\u2019ultimo &#8211; difficilmente utilizzabile per andare a Nard\u00f2.<br \/>\nMi sono preso la briga di fare due conti: le 13 trasferte da Verona saranno pari a 6.089 chilometri, ovviamente da moltiplicare per due. Significa una media di 936 chilometri a trasferta, andata e ritorno. Nel girone verde invece i km. totali sarebbero stati 5.126, con una media di 788, comprese per\u00f2 le due trasferte a Trapani e Capo d\u2019Orlando, che pesano da sole 2.795 k. (x 2), ovvero pi\u00f9 della met\u00e0 totale. Trasferte che si fanno in aereo e quindi meno pesanti dei lunghi viaggi in bus. Meglio essere ottimisti, per non diventare rossi: un po\u2019 di vergogna in effetti, i dirigenti del basket italiano, cos\u00ec severi e draconiani su ogni minimo ritardo, ma un po\u2019 distratti sul mancato rispetto di altre regole (come le dirette tv durante tutti gli ultimi playoff), la dovrebbero provare.<\/p>\n","protected":false},"excerpt":{"rendered":"<p>&#8220;I miei cartografi mi hanno rubato pi\u00f9 terre dei miei nemici&#8221;.\u00a0(Luigi XIV) Diciamola tutta: trasferte a parte, il girone della Tezenis non \u00e8 poi cos\u00ec brutto. Evitare le corazzate Cant\u00f9 e Udine, e la stessa Torino, non \u00e8 male. Tuttavia la scelta della FIP, avvallata da LNP, merita qualche considerazione. Riesce difficile comprendere il criterio&#8230;  <a class=\"excerpt-read-more\" href=\"https:\/\/blog.telenuovo.it\/mario-poli\/2021\/07\/29\/rosso-di-vergogna\/\" title=\"Read ROSSO DI VERGOGNA\">Leggi tutto &raquo;<\/a><\/p>\n","protected":false},"author":6,"featured_media":0,"comment_status":"open","ping_status":"open","sticky":false,"template":"","format":"standard","meta":[],"categories":[1],"tags":[],"_links":{"self":[{"href":"https:\/\/blog.telenuovo.it\/mario-poli\/wp-json\/wp\/v2\/posts\/3073"}],"collection":[{"href":"https:\/\/blog.telenuovo.it\/mario-poli\/wp-json\/wp\/v2\/posts"}],"about":[{"href":"https:\/\/blog.telenuovo.it\/mario-poli\/wp-json\/wp\/v2\/types\/post"}],"author":[{"embeddable":true,"href":"https:\/\/blog.telenuovo.it\/mario-poli\/wp-json\/wp\/v2\/users\/6"}],"replies":[{"embeddable":true,"href":"https:\/\/blog.telenuovo.it\/mario-poli\/wp-json\/wp\/v2\/comments?post=3073"}],"version-history":[{"count":5,"href":"https:\/\/blog.telenuovo.it\/mario-poli\/wp-json\/wp\/v2\/posts\/3073\/revisions"}],"predecessor-version":[{"id":3075,"href":"https:\/\/blog.telenuovo.it\/mario-poli\/wp-json\/wp\/v2\/posts\/3073\/revisions\/3075"}],"wp:attachment":[{"href":"https:\/\/blog.telenuovo.it\/mario-poli\/wp-json\/wp\/v2\/media?parent=3073"}],"wp:term":[{"taxonomy":"category","embeddable":true,"href":"https:\/\/blog.telenuovo.it\/mario-poli\/wp-json\/wp\/v2\/categories?post=3073"},{"taxonomy":"post_tag","embeddable":true,"href":"https:\/\/blog.telenuovo.it\/mario-poli\/wp-json\/wp\/v2\/tags?post=3073"}],"curies":[{"name":"wp","href":"https:\/\/api.w.org\/{rel}","templated":true}]}}