{"id":3186,"date":"2023-07-22T22:33:07","date_gmt":"2023-07-22T20:33:07","guid":{"rendered":"http:\/\/blog.telenuovo.it\/mario-poli\/?p=3186"},"modified":"2023-07-24T15:46:43","modified_gmt":"2023-07-24T13:46:43","slug":"manca-poco","status":"publish","type":"post","link":"https:\/\/blog.telenuovo.it\/mario-poli\/2023\/07\/22\/manca-poco\/","title":{"rendered":"MANCA POCO"},"content":{"rendered":"\n<p><em>\u201cTu sei buono e ti tirano le pietre, sei cattivo e ti tirano le pietre. Qualunque cosa fai, dovunque te ne vai, tu sempre pietre in faccia prenderai\u201d. (\u201cPietre\u201d,  Antoine &#8211; di Gian Pieretti e Ricky Gianco)<\/em><\/p>\n\n\n\n<p>Squadra fatta per nove decimi. Una rivoluzione, con un solo giocatore confermato: Liam Udom, che Ramagli vuole lanciare in quintetto. Un cambio radicale. E non poteva essere diversamente, dopo la disgraziata ultima stagione costellata da troppe incertezze, scelte discutibili e pure parecchia sfortuna. La propriet\u00e0 ha deciso di confermare in blocco staff tecnico e management.<\/p>\n\n\n\n<p>Ora manca solo il centro americano, posizione che nei giorni scorsi pareva ormai sistemata con un lungo reduce dall\u2019esperienza in serie A. Ma un serio problema personale legato alla famiglia, che sarebbe rimasta negli States, ha indotto il giocatore a comunicare la sua rinuncia. Cos\u00ec dal mondo dei procuratori che fa trapelare qualche dritta anche quando sei in ferie e molto lontano da casa. Un comportamento, quello del centro Usa, che denota grande seriet\u00e0 professionale, rispetto del club e della piazza.<\/p>\n\n\n\n<p>E allora continua la caccia al centone americano per completare un roster che in passato la Tezenis non ha mai avuto cos\u00ec profondo: 10-giocatori-10.&nbsp;<\/p>\n\n\n\n<p>Il \u201cpiano B\u201d prevede di virare su un altro profilo di giocatore che dovrebbe essere definito entro fine mese, anche se era rimasta in sospeso l&#8217;affascinante l\u2019ipotesi del ritorno di Taylor Smith, che tutti vorrebbero.<\/p>\n\n\n\n<p>Sembra invece tramontata l&#8217;ipotesi del ritorno di Taylor Smith, legata all\u2019incognita sulla piena ripresa dell\u2019attivit\u00e0 del centro bonsai, che comunque sta recuperando a tempi di record dopo l\u2019intervento eseguito dal prof. Rocchi a Reggio Emilia. In A2 sono concessi solo due visti, perci\u00f2 la valutazione delle condizioni di Smith era prioritaria. Sebbene un \u201cpiano C\u201d avrebbe potuto portare all\u2019ingaggio di un giocatore comunitario a gettone, in attesa del completo recupero di Taylor Smith.&nbsp;<\/p>\n\n\n\n<p>Intanto il campionato che scatter\u00e0 ad ottobre si annuncia assai competitivo.&nbsp; Verona se la vedr\u00e0 con Trieste (animata dal pronto ritorno in serie A), Udine (che insegue per l\u2019ennesima volta il salto di categoria), Fortitudo Bologna, la recente finalista Forl\u00ec. E nel girone Verde si potr\u00e0 incrociare la strada con Cant\u00f9, Treviglio, Torino e la nuova Trapani del patron Antonini, che appena entrato nel \u201csalotto\u201d dell\u2019A2 si sta muovendo come un elefante nella cristalleria, sventolando a destra e a manca le mazzette di euro.<\/p>\n\n\n\n<p>Ultima annotazione. Il Consiglio Federale ha finalmente deciso lo stop alla pagliacciata dei trasferimento di giocatori dalla serie A in A2 alla vigilia dei playoff. Durante il girone di andata si potranno tesserare due giocatori senior; altri due potranno essere inseriti nel girone di ritorno fino alla vigilia della terzultima giornata della fase ad orologio.<\/p>\n\n\n\n<p>P.S. In questo blog c\u2019\u00e8 spazio per tutti, ovviamente anche per chi critica. Non c\u2019\u00e8 spazio invece per la maleducazione e per chi si diletta in offese ai giocatori e allo staff, avventurandosi anche in scomposte considerazioni personali sul piano professionale. A maggior ragione godendo dell\u2019anonimato.<\/p>\n\n\n\n<p><strong>Aggiornamento ore 11 luned\u00ec 24 luglio.<\/strong> Nella notte la Tezenis ha chiuso l\u2019accordo con Kamari Murphy, 29 anni a dicembre, centrone che non ha mai giocato in Italia ma in Europa ha esperienze in Germania, Estonia e Polonia (come DeVoe). Peccato per Smith, ma ora non manca niente. <\/p>\n","protected":false},"excerpt":{"rendered":"<p>\u201cTu sei buono e ti tirano le pietre, sei cattivo e ti tirano le pietre. Qualunque cosa fai, dovunque te ne vai, tu sempre pietre in faccia prenderai\u201d. (\u201cPietre\u201d, Antoine &#8211; di Gian Pieretti e Ricky Gianco) Squadra fatta per nove decimi. Una rivoluzione, con un solo giocatore confermato: Liam Udom, che Ramagli vuole lanciare&#8230;  <a class=\"excerpt-read-more\" href=\"https:\/\/blog.telenuovo.it\/mario-poli\/2023\/07\/22\/manca-poco\/\" title=\"Read MANCA POCO\">Leggi tutto &raquo;<\/a><\/p>\n","protected":false},"author":6,"featured_media":0,"comment_status":"open","ping_status":"open","sticky":false,"template":"","format":"standard","meta":[],"categories":[1],"tags":[],"_links":{"self":[{"href":"https:\/\/blog.telenuovo.it\/mario-poli\/wp-json\/wp\/v2\/posts\/3186"}],"collection":[{"href":"https:\/\/blog.telenuovo.it\/mario-poli\/wp-json\/wp\/v2\/posts"}],"about":[{"href":"https:\/\/blog.telenuovo.it\/mario-poli\/wp-json\/wp\/v2\/types\/post"}],"author":[{"embeddable":true,"href":"https:\/\/blog.telenuovo.it\/mario-poli\/wp-json\/wp\/v2\/users\/6"}],"replies":[{"embeddable":true,"href":"https:\/\/blog.telenuovo.it\/mario-poli\/wp-json\/wp\/v2\/comments?post=3186"}],"version-history":[{"count":3,"href":"https:\/\/blog.telenuovo.it\/mario-poli\/wp-json\/wp\/v2\/posts\/3186\/revisions"}],"predecessor-version":[{"id":3189,"href":"https:\/\/blog.telenuovo.it\/mario-poli\/wp-json\/wp\/v2\/posts\/3186\/revisions\/3189"}],"wp:attachment":[{"href":"https:\/\/blog.telenuovo.it\/mario-poli\/wp-json\/wp\/v2\/media?parent=3186"}],"wp:term":[{"taxonomy":"category","embeddable":true,"href":"https:\/\/blog.telenuovo.it\/mario-poli\/wp-json\/wp\/v2\/categories?post=3186"},{"taxonomy":"post_tag","embeddable":true,"href":"https:\/\/blog.telenuovo.it\/mario-poli\/wp-json\/wp\/v2\/tags?post=3186"}],"curies":[{"name":"wp","href":"https:\/\/api.w.org\/{rel}","templated":true}]}}