{"id":3198,"date":"2023-10-09T12:28:40","date_gmt":"2023-10-09T10:28:40","guid":{"rendered":"http:\/\/blog.telenuovo.it\/mario-poli\/?p=3198"},"modified":"2023-10-09T16:38:19","modified_gmt":"2023-10-09T14:38:19","slug":"la-paura-fa-cento","status":"publish","type":"post","link":"https:\/\/blog.telenuovo.it\/mario-poli\/2023\/10\/09\/la-paura-fa-cento\/","title":{"rendered":"LA PAURA FA&#8230;CENTO"},"content":{"rendered":"\n<p><em>\u201cL\u2019emergenza insegna a pregare, si dice: per impararlo si vada in Italia!\u201d (Johann Wolfgang Goeghe &#8211; Friedrich Schiller &#8211; Epigrammi Xenia).<\/em><\/p>\n\n\n\n<p>Debutto casalingo-flop. Non per il pubblico, checch\u00e9 ne pensi chi si aspettava una grande cornice, 2.500 spettatori contro una squadra non di forte appeal, dopo una stagione disgraziata e in una domenica praticamente estiva sono una risposta apprezzabile per la nuova Tezenis.<br>Decisamente meno bene la prova dei giganti di Ramagli, accartocciati in un gioco ancora alla ricerca della giusta identit\u00e0. E soprattutto di un leader. Contro Cento non lo \u00e8 stato, finora, DeVoe (come forse ci si attenderebbe), non lo \u00e8 Kamari Murphy, che tuttavia pur senza dare l\u2019impressione di fare sfracelli ha chiuso da top scorer giallobl\u00f9 con 17 punti.<br>La muscolarit\u00e0 di Esposito resta per ora la nota pi\u00f9 confortante, accompagnata dalla doppia doppia contro Cento che ha trovato nella guardia tascabile Mussini il giocatore che ha spaccato la partita, poi completata dalle giocate di Benvenuti vicino a canestro.<br>Se mancano i punti di tutte le altre guardie, a cominciare da Stefanelli, e con capitan Penna ancora non ripresosi fisicamente, il gioco diventa confusionario e pasticciato, come \u00e8 apparso nel momento del break decisivo. Ed \u00e8 mancato anche quel pizzico di coraggio per fare scelte magari un po\u2019 pi\u00f9 coraggiose. E la paura al momento \u00e8 solo un gioco di parole buono per il titolo.<br>Non siamo certo in emergenza, perch\u00e9 il campionato \u00e8 lunghissimo, l&#8217;anno scorso le sconfitte talvolta venivano un po&#8217; &#8220;mitigate&#8221; dallo spettacolo, vedendo all&#8217;opera squadre di livello come Milano, Virtus Bologna, Reyer Venezia, Tortona. Per\u00f2 il pubblico della Verona dei canestri, tanto o poco che sia, anche in A2 merita uno spettacolo migliore.<\/p>\n","protected":false},"excerpt":{"rendered":"<p>\u201cL\u2019emergenza insegna a pregare, si dice: per impararlo si vada in Italia!\u201d (Johann Wolfgang Goeghe &#8211; Friedrich Schiller &#8211; Epigrammi Xenia). Debutto casalingo-flop. Non per il pubblico, checch\u00e9 ne pensi chi si aspettava una grande cornice, 2.500 spettatori contro una squadra non di forte appeal, dopo una stagione disgraziata e in una domenica praticamente estiva&#8230;  <a class=\"excerpt-read-more\" href=\"https:\/\/blog.telenuovo.it\/mario-poli\/2023\/10\/09\/la-paura-fa-cento\/\" title=\"Read LA PAURA FA&#8230;CENTO\">Leggi tutto &raquo;<\/a><\/p>\n","protected":false},"author":6,"featured_media":0,"comment_status":"open","ping_status":"open","sticky":false,"template":"","format":"standard","meta":[],"categories":[1],"tags":[],"_links":{"self":[{"href":"https:\/\/blog.telenuovo.it\/mario-poli\/wp-json\/wp\/v2\/posts\/3198"}],"collection":[{"href":"https:\/\/blog.telenuovo.it\/mario-poli\/wp-json\/wp\/v2\/posts"}],"about":[{"href":"https:\/\/blog.telenuovo.it\/mario-poli\/wp-json\/wp\/v2\/types\/post"}],"author":[{"embeddable":true,"href":"https:\/\/blog.telenuovo.it\/mario-poli\/wp-json\/wp\/v2\/users\/6"}],"replies":[{"embeddable":true,"href":"https:\/\/blog.telenuovo.it\/mario-poli\/wp-json\/wp\/v2\/comments?post=3198"}],"version-history":[{"count":2,"href":"https:\/\/blog.telenuovo.it\/mario-poli\/wp-json\/wp\/v2\/posts\/3198\/revisions"}],"predecessor-version":[{"id":3203,"href":"https:\/\/blog.telenuovo.it\/mario-poli\/wp-json\/wp\/v2\/posts\/3198\/revisions\/3203"}],"wp:attachment":[{"href":"https:\/\/blog.telenuovo.it\/mario-poli\/wp-json\/wp\/v2\/media?parent=3198"}],"wp:term":[{"taxonomy":"category","embeddable":true,"href":"https:\/\/blog.telenuovo.it\/mario-poli\/wp-json\/wp\/v2\/categories?post=3198"},{"taxonomy":"post_tag","embeddable":true,"href":"https:\/\/blog.telenuovo.it\/mario-poli\/wp-json\/wp\/v2\/tags?post=3198"}],"curies":[{"name":"wp","href":"https:\/\/api.w.org\/{rel}","templated":true}]}}