{"id":1521,"date":"2018-02-27T11:58:39","date_gmt":"2018-02-27T10:58:39","guid":{"rendered":"http:\/\/blog.telenuovo.it\/mario-zwirner\/?p=1521"},"modified":"2018-02-27T11:58:39","modified_gmt":"2018-02-27T10:58:39","slug":"eleggere-i-piu-capaci-e-arduo","status":"publish","type":"post","link":"https:\/\/blog.telenuovo.it\/mario-zwirner\/2018\/02\/27\/eleggere-i-piu-capaci-e-arduo\/","title":{"rendered":"ELEGGERE I PIU&#8217; CAPACI E&#8217; ARDUO"},"content":{"rendered":"<p>L\u2019insigne giurista Sabino Cassese oggi sul Corriere parla de \u201cil valore di chi \u00e8 pi\u00f9 capace\u201d e spiega che, in una democrazia parlamentare qual \u00e8 la nostra, dovremmo appunto eleggere in parlamento i pi\u00f9 capaci.<br \/>\n\u201cSe chiediamo all\u2019idraulico \u2013 scrive \u2013 o al falegname, al chirurgo o all\u2019ingegnere che sappiano fare (e bene) il loro mestiere, perch\u00e9 la competenza non dovrebbe essere uno dei criteri per scegliere coloro che debbono svolgere una funzione molto pi\u00f9 importante e gravida di conseguenze per la collettivit\u00e0\u2026\u201d<br \/>\nRagionamento inappuntabile, ma scegliere dei parlamentari capaci \u00e8 un\u2019impresa ardua. Per un semplice motivo: la professionalit\u00e0 dell\u2019idraulico o del chirurgo possiamo valutarla per esperienza diretta o attraverso parenti e conoscenti. Mentre per i politici non \u00e8 cos\u00ec. Possiamo dare un giudizio, positivo o meno, dei candidati che abbiano fatto il sindaco o l\u2019assessore nel nostro comune. Ma tutti gli altri sono per noi elettori perfetti sconosciuti.<br \/>\nPer gli uscenti si pu\u00f2 pensare che noi cittadini abbiamo seguito e valutato il loro lavoro nelle varie commissioni parlamentari? Non direi proprio. E poi gli uscenti sono una minoranza. La gran moda oggi \u00e8 quella del ricambio: oltre il 75% dei candidati nei collegi uninominali e il 79% dei candidati nel proporzionale non hanno mai seduto prima in parlamento.<br \/>\nMassimo possiamo dire \u00e8 una ragazza seria, \u00e8 un ragazzo pulito; o apprezzarli come professionisti, in quanto li conosciamo come avvocati, medici, imprenditori o idraulici. Ma che sono, appunto, professioni totalmente diverse dalla politica. Puoi eccellere nel tuo mestiere, ma nessuna garanzia che l\u2019eccellenza sia confermata nel passaggio alla politica<br \/>\nQuindi nella quasi totalit\u00e0 dei casi chi andr\u00e0 a votare il 4 marzo mander\u00e0 in parlamento persone a lui totalmente sconosciute. Non voteremo per i candidati, ma per gli schieramenti convinti a farlo dalle promesse, dagli impegni elettorali dei vari leader nazionali.<br \/>\nIl che \u00e8 un paradosso per una democrazia parlamentare dove l&#8217;ultima parola dovrebbe, appunto, spettare a chi in parlamento siede mandato da noi elettori, e non ai leader dei partiti che non eleggiamo non avendo un sistema presidenziale.<\/p>\n","protected":false},"excerpt":{"rendered":"<p>L\u2019insigne giurista Sabino Cassese oggi sul Corriere parla de \u201cil valore di chi \u00e8 pi\u00f9 capace\u201d e spiega che, in una democrazia parlamentare qual \u00e8 la nostra, dovremmo appunto eleggere in parlamento i pi\u00f9 capaci. \u201cSe chiediamo all\u2019idraulico \u2013 scrive \u2013 o al falegname, al chirurgo o all\u2019ingegnere che sappiano fare (e bene) il loro&#8230;  <a class=\"excerpt-read-more\" href=\"https:\/\/blog.telenuovo.it\/mario-zwirner\/2018\/02\/27\/eleggere-i-piu-capaci-e-arduo\/\" title=\"Read ELEGGERE I PIU&#8217; CAPACI E&#8217; ARDUO\">Leggi tutto &raquo;<\/a><\/p>\n","protected":false},"author":3,"featured_media":0,"comment_status":"open","ping_status":"open","sticky":false,"template":"","format":"standard","meta":[],"categories":[1],"tags":[],"_links":{"self":[{"href":"https:\/\/blog.telenuovo.it\/mario-zwirner\/wp-json\/wp\/v2\/posts\/1521"}],"collection":[{"href":"https:\/\/blog.telenuovo.it\/mario-zwirner\/wp-json\/wp\/v2\/posts"}],"about":[{"href":"https:\/\/blog.telenuovo.it\/mario-zwirner\/wp-json\/wp\/v2\/types\/post"}],"author":[{"embeddable":true,"href":"https:\/\/blog.telenuovo.it\/mario-zwirner\/wp-json\/wp\/v2\/users\/3"}],"replies":[{"embeddable":true,"href":"https:\/\/blog.telenuovo.it\/mario-zwirner\/wp-json\/wp\/v2\/comments?post=1521"}],"version-history":[{"count":1,"href":"https:\/\/blog.telenuovo.it\/mario-zwirner\/wp-json\/wp\/v2\/posts\/1521\/revisions"}],"predecessor-version":[{"id":1524,"href":"https:\/\/blog.telenuovo.it\/mario-zwirner\/wp-json\/wp\/v2\/posts\/1521\/revisions\/1524"}],"wp:attachment":[{"href":"https:\/\/blog.telenuovo.it\/mario-zwirner\/wp-json\/wp\/v2\/media?parent=1521"}],"wp:term":[{"taxonomy":"category","embeddable":true,"href":"https:\/\/blog.telenuovo.it\/mario-zwirner\/wp-json\/wp\/v2\/categories?post=1521"},{"taxonomy":"post_tag","embeddable":true,"href":"https:\/\/blog.telenuovo.it\/mario-zwirner\/wp-json\/wp\/v2\/tags?post=1521"}],"curies":[{"name":"wp","href":"https:\/\/api.w.org\/{rel}","templated":true}]}}