{"id":1533,"date":"2018-03-07T11:41:26","date_gmt":"2018-03-07T10:41:26","guid":{"rendered":"http:\/\/blog.telenuovo.it\/mario-zwirner\/?p=1533"},"modified":"2018-03-07T11:41:26","modified_gmt":"2018-03-07T10:41:26","slug":"nord-sud-in-rotta-di-collisione","status":"publish","type":"post","link":"https:\/\/blog.telenuovo.it\/mario-zwirner\/2018\/03\/07\/nord-sud-in-rotta-di-collisione\/","title":{"rendered":"NORD-SUD IN ROTTA DI COLLISIONE"},"content":{"rendered":"<p>Lo scenario pi\u00f9 corretto dell\u2019Italia uscita dalle urne credo l\u2019abbia fatto oggi sul Corriere Angelo Panebianco: Nord e Sud sono in rotta di collisione.<br \/>\nIl Giornale aveva confrontato le due mappe. Quella tra la larga maggioranza dei voti 5 Stelle al Sud e l\u2019altra coi confini dell\u2019allora Regno delle due Sicilie dei Borboni. Ma si pu\u00f2 fare anche un altro raffronto: tra i voti presi al Nord dal centrodestra e l\u2019allora Lombardo Veneto degli Asburgo.<br \/>\nLa realt\u00e0 \u00e8 che si profila oggi una spaccatura simile all\u2019Italia preunitaria.<br \/>\nScrive Panebianco: \u201cE\u2019 certo che un gruppo politico fortemente meridionalizzato qual \u00e8 oggi il Movimento 5 Stelle dovr\u00e0 tentare di ridistribuire risorse verso il Sud\u2026E\u2019 altrettanto certo che le zone produttive del Paese resisteranno ad un simile tentativo di ridistribuzione della ricchezza e che di questa resistenza non potr\u00e0 non farsi interprete una coalizione cos\u00ec nettamente nordista qual \u00e8 il centrodestra\u201d.<br \/>\nQuindi le contrapposte risposte da dare al proprio territorio elettorale escludono (escluderebbero) un governo 5 Stelle-Lega.<br \/>\nSempre Panebianco osserva che fin\u2019ora l\u2019Italia ha avuto sempre un \u201cfederatore\u201d, cio\u00e8 un leader, un partito, impegnato a tenere assieme le diverse aspettative di Nord e Sud: per decenni la Dc, poi Berlusconi (che infatti prendeva voti sia qui che in Meridione), lo stesso Renzi quando parlava di \u201cpartito della nazione\u201d.<br \/>\nOggi quel federatore non c\u2019\u00e8 pi\u00f9. E per questo si prospetta una rotta di collisione senza precedenti tra Nord e Sud.<br \/>\nLa soluzione \u2013 tanto paradossale quanto impraticabile \u2013 sarebbe che Mattarella desse due incarichi: a Di Maio per il governo del Sud e a Salvini per il governo del Nord\u2026<br \/>\nDopo di che un qualche governo o pastrocchio di scopo salter\u00e0 fuori. Ma la profonda spaccatura rester\u00e0 e non potr\u00e0 che accentuarsi.<\/p>\n","protected":false},"excerpt":{"rendered":"<p>Lo scenario pi\u00f9 corretto dell\u2019Italia uscita dalle urne credo l\u2019abbia fatto oggi sul Corriere Angelo Panebianco: Nord e Sud sono in rotta di collisione. Il Giornale aveva confrontato le due mappe. Quella tra la larga maggioranza dei voti 5 Stelle al Sud e l\u2019altra coi confini dell\u2019allora Regno delle due Sicilie dei Borboni. Ma si&#8230;  <a class=\"excerpt-read-more\" href=\"https:\/\/blog.telenuovo.it\/mario-zwirner\/2018\/03\/07\/nord-sud-in-rotta-di-collisione\/\" title=\"Read NORD-SUD IN ROTTA DI COLLISIONE\">Leggi tutto &raquo;<\/a><\/p>\n","protected":false},"author":3,"featured_media":0,"comment_status":"open","ping_status":"open","sticky":false,"template":"","format":"standard","meta":[],"categories":[1],"tags":[],"_links":{"self":[{"href":"https:\/\/blog.telenuovo.it\/mario-zwirner\/wp-json\/wp\/v2\/posts\/1533"}],"collection":[{"href":"https:\/\/blog.telenuovo.it\/mario-zwirner\/wp-json\/wp\/v2\/posts"}],"about":[{"href":"https:\/\/blog.telenuovo.it\/mario-zwirner\/wp-json\/wp\/v2\/types\/post"}],"author":[{"embeddable":true,"href":"https:\/\/blog.telenuovo.it\/mario-zwirner\/wp-json\/wp\/v2\/users\/3"}],"replies":[{"embeddable":true,"href":"https:\/\/blog.telenuovo.it\/mario-zwirner\/wp-json\/wp\/v2\/comments?post=1533"}],"version-history":[{"count":1,"href":"https:\/\/blog.telenuovo.it\/mario-zwirner\/wp-json\/wp\/v2\/posts\/1533\/revisions"}],"predecessor-version":[{"id":1536,"href":"https:\/\/blog.telenuovo.it\/mario-zwirner\/wp-json\/wp\/v2\/posts\/1533\/revisions\/1536"}],"wp:attachment":[{"href":"https:\/\/blog.telenuovo.it\/mario-zwirner\/wp-json\/wp\/v2\/media?parent=1533"}],"wp:term":[{"taxonomy":"category","embeddable":true,"href":"https:\/\/blog.telenuovo.it\/mario-zwirner\/wp-json\/wp\/v2\/categories?post=1533"},{"taxonomy":"post_tag","embeddable":true,"href":"https:\/\/blog.telenuovo.it\/mario-zwirner\/wp-json\/wp\/v2\/tags?post=1533"}],"curies":[{"name":"wp","href":"https:\/\/api.w.org\/{rel}","templated":true}]}}