{"id":1557,"date":"2018-04-09T11:44:12","date_gmt":"2018-04-09T09:44:12","guid":{"rendered":"http:\/\/blog.telenuovo.it\/mario-zwirner\/?p=1557"},"modified":"2018-04-09T11:44:12","modified_gmt":"2018-04-09T09:44:12","slug":"nomadi-e-pregiudizi-xenofobi","status":"publish","type":"post","link":"https:\/\/blog.telenuovo.it\/mario-zwirner\/2018\/04\/09\/nomadi-e-pregiudizi-xenofobi\/","title":{"rendered":"NOMADI E PREGIUDIZI XENOFOBI"},"content":{"rendered":"<p>Succede che, ogni sera, il cielo diventi scuro; diciamo pure nero. Che rilevarlo sia un pregiudizio xenofobo o un semplice dato di realt\u00e0?&#8230;<br \/>\nIeri, in occasione della giornata internazionale di Rom, Sinti e Caminanti, il presidente Mattarella ha invitato a \u201csuperare pregiudizi e xenofobie\u201d nei confronti dei nomadi e favorire invece la \u201cloro integrazione\u201d.<br \/>\nMatteo Salvini ha replicato: \u201dSe molti di loro lavorassero di pi\u00f9 e rubassero di meno, se molti di loro mandassero i figli a scuola invece di educarli al furto, sarebbe davvero una festa\u2026\u201d<br \/>\nSar\u00e0 mica un pregiudizio xenofobo prendere atto che tanti nomadi rubano, ragazzine incinta (e quindi non perseguibili) e bambini compresi? O vogliamo credere che campino ferrando i cavalli e battendo il ferro?<br \/>\nChe poi \u00e8 facile parlare di integrazione. Ma come la mettiamo con il rispetto dovuto alle culture \u201cdiverse\u201d?<br \/>\nSempre ieri Mattarella ha rivolto il suo augurio \u201ca tutte le persone che hanno radici nella cultura millenaria di questi popoli antichi\u201d. Non c\u2019\u00e8 dubbio che sia millenaria l\u2019abitudine allo spostamento dei Caminanti, che sono appunto nomadi. Ma, se rispettiamo questo loro diritto al nomadismo, manca il presupposto di base per far rispettare l\u2019obbligo scolastico ai loro figli. A meno di non ipotizzare istituti scolastici itineranti, gestiti dall\u2019Opera Nomadi\u2026<br \/>\nPossiamo imporre loro di diventare stanziali o \u00e8 un vulnus intollerabile alla loro millenaria cultura? E\u2019 l\u2019esempio, per certi versi pi\u00f9 banale, di come sia impossibile l\u2019integrazione se vogliamo rispettare la diversit\u00e0<br \/>\n La lezione dei nomadi \u00e8 secolare, quella degli islamici molto pi\u00f9 recente ma per certi versi identica: \u00e8 pura fuffa parlare di integrazione se non si \u00e8 determinati ad imporre una eguale cultura. Cultura intesa come diritti, doveri, rispetto da parte di tutti delle leggi di un Paese. E chi non lo accetta non pu\u00f2 che essere \u201cdiscriminato\u201d. Dopo di che ognuno pu\u00f2 cucinarsi il piatto tipico e adorare (se lo vuole) la divinit\u00e0 pi\u00f9 gradita.<br \/>\nUltime considerazione sull\u2019Opera Nomadi, un tempo assai di moda oggi desaparecida o quasi. Ho come il sospetto che il buonismo speculativo abbia trovato pi\u00f9 proficuo occuparsi dei migranti che di Rom, Sinti e Caminanti\u2026 <\/p>\n","protected":false},"excerpt":{"rendered":"<p>Succede che, ogni sera, il cielo diventi scuro; diciamo pure nero. Che rilevarlo sia un pregiudizio xenofobo o un semplice dato di realt\u00e0?&#8230; Ieri, in occasione della giornata internazionale di Rom, Sinti e Caminanti, il presidente Mattarella ha invitato a \u201csuperare pregiudizi e xenofobie\u201d nei confronti dei nomadi e favorire invece la \u201cloro integrazione\u201d. Matteo&#8230;  <a class=\"excerpt-read-more\" href=\"https:\/\/blog.telenuovo.it\/mario-zwirner\/2018\/04\/09\/nomadi-e-pregiudizi-xenofobi\/\" title=\"Read NOMADI E PREGIUDIZI XENOFOBI\">Leggi tutto &raquo;<\/a><\/p>\n","protected":false},"author":3,"featured_media":0,"comment_status":"open","ping_status":"open","sticky":false,"template":"","format":"standard","meta":[],"categories":[1],"tags":[],"_links":{"self":[{"href":"https:\/\/blog.telenuovo.it\/mario-zwirner\/wp-json\/wp\/v2\/posts\/1557"}],"collection":[{"href":"https:\/\/blog.telenuovo.it\/mario-zwirner\/wp-json\/wp\/v2\/posts"}],"about":[{"href":"https:\/\/blog.telenuovo.it\/mario-zwirner\/wp-json\/wp\/v2\/types\/post"}],"author":[{"embeddable":true,"href":"https:\/\/blog.telenuovo.it\/mario-zwirner\/wp-json\/wp\/v2\/users\/3"}],"replies":[{"embeddable":true,"href":"https:\/\/blog.telenuovo.it\/mario-zwirner\/wp-json\/wp\/v2\/comments?post=1557"}],"version-history":[{"count":1,"href":"https:\/\/blog.telenuovo.it\/mario-zwirner\/wp-json\/wp\/v2\/posts\/1557\/revisions"}],"predecessor-version":[{"id":1560,"href":"https:\/\/blog.telenuovo.it\/mario-zwirner\/wp-json\/wp\/v2\/posts\/1557\/revisions\/1560"}],"wp:attachment":[{"href":"https:\/\/blog.telenuovo.it\/mario-zwirner\/wp-json\/wp\/v2\/media?parent=1557"}],"wp:term":[{"taxonomy":"category","embeddable":true,"href":"https:\/\/blog.telenuovo.it\/mario-zwirner\/wp-json\/wp\/v2\/categories?post=1557"},{"taxonomy":"post_tag","embeddable":true,"href":"https:\/\/blog.telenuovo.it\/mario-zwirner\/wp-json\/wp\/v2\/tags?post=1557"}],"curies":[{"name":"wp","href":"https:\/\/api.w.org\/{rel}","templated":true}]}}