{"id":1968,"date":"2019-01-14T11:25:54","date_gmt":"2019-01-14T10:25:54","guid":{"rendered":"https:\/\/blog.telenuovo.it\/mario-zwirner\/?p=1968"},"modified":"2019-01-14T12:03:05","modified_gmt":"2019-01-14T11:03:05","slug":"carlo-nordio-su-battisti","status":"publish","type":"post","link":"https:\/\/blog.telenuovo.it\/mario-zwirner\/2019\/01\/14\/carlo-nordio-su-battisti\/","title":{"rendered":"CARLO NORDIO SU BATTISTI"},"content":{"rendered":"<p>Come spesso accade, l\u2019osservazione pi\u00f9 interessante su Cesare Battisti l\u2019ha fatta l\u2019ex magistrato Carlo Nordio sul Gazzettino.<\/p>\n<p>Chi \u00e8 il primo responsabile di 40 anni di latitanza del terrorista del Pac, Proletari armati per il comunismo, condannato all\u2019ergastolo per 4 omicidi? Risposta sintetica: l\u2019Unione europea.<\/p>\n<p>Cio\u00e8 un Europa che si \u00e8 preoccupata solo di varare la moneta unica e non \u2013 per dirne una \u2013 anche una giustizia penale omogenea per tutti i Paesi dell\u2019Unione. E cos\u00ec la Francia ha offerto \u2013 per ben 24 anni, dal 1981 al 2004 dopo la sua evasione dal carcere di Frosinone! \u2013 ha offerto asilo e assistenza a Battisti come se fosse un perseguitato.<\/p>\n<p>Tanto per capirci come se noi avessimo offerto asilo e assistenza ai terroristi islamici autori della strage al Bataclan\u2026<\/p>\n<p>Per carit\u00e0 c\u2019\u00e8 stata anche una nostra \u201cperversa cultura progressista\u201d \u2013 Nordio la chiama cos\u00ec \u2013 che ha minimizzato se non giustificato la responsabilit\u00e0 dei terroristi. (Ricordate il \u201csoccorso rosso\u201d lanciato dal Nobel Dario Fo?). Ci sono stati i regimi del Sudamerica. Ma la cosa pi\u00f9 clamorosa \u00e8 ci\u00f2 che ha fatto per Battisti un Paese civile e occidentale come la Francia.<\/p>\n<p>Grazie appunto ad una Ue che non ha una giustizia comune, che non ha leggi tributarie comuni, che non ha una politica per l\u2019immigrazione.<\/p>\n<p>Un edificio \u2013 scrive sempre Nordio \u2013 \u201csenza criterio, senza progetto e senza fondamenta\u201d.<\/p>\n<p>E qui la vicenda di Cesare Battisti si proietta sul voto europeo del Maggio prossimo. Perch\u00e9 \u2013 comunque la si pensi \u2013 anche chi crede e vuole pi\u00f9 Europa deve essere consapevole che non puoi aggiungere piani ad un edificio senza fondamenta.<\/p>\n<p>Qui o crolla l\u2019Europa oppure deve essere ricostruita a partire dalle fondamenta. Che sono leggi condivise e non certo solo la moneta unica.<\/p>\n","protected":false},"excerpt":{"rendered":"<p>Come spesso accade, l\u2019osservazione pi\u00f9 interessante su Cesare Battisti l\u2019ha fatta l\u2019ex magistrato Carlo Nordio sul Gazzettino. Chi \u00e8 il primo responsabile di 40 anni di latitanza del terrorista del Pac, Proletari armati per il comunismo, condannato all\u2019ergastolo per 4 omicidi? Risposta sintetica: l\u2019Unione europea. Cio\u00e8 un Europa che si \u00e8 preoccupata solo di varare&#8230;  <a class=\"excerpt-read-more\" href=\"https:\/\/blog.telenuovo.it\/mario-zwirner\/2019\/01\/14\/carlo-nordio-su-battisti\/\" title=\"Read CARLO NORDIO SU BATTISTI\">Leggi tutto &raquo;<\/a><\/p>\n","protected":false},"author":3,"featured_media":0,"comment_status":"open","ping_status":"open","sticky":false,"template":"","format":"standard","meta":[],"categories":[1],"tags":[],"_links":{"self":[{"href":"https:\/\/blog.telenuovo.it\/mario-zwirner\/wp-json\/wp\/v2\/posts\/1968"}],"collection":[{"href":"https:\/\/blog.telenuovo.it\/mario-zwirner\/wp-json\/wp\/v2\/posts"}],"about":[{"href":"https:\/\/blog.telenuovo.it\/mario-zwirner\/wp-json\/wp\/v2\/types\/post"}],"author":[{"embeddable":true,"href":"https:\/\/blog.telenuovo.it\/mario-zwirner\/wp-json\/wp\/v2\/users\/3"}],"replies":[{"embeddable":true,"href":"https:\/\/blog.telenuovo.it\/mario-zwirner\/wp-json\/wp\/v2\/comments?post=1968"}],"version-history":[{"count":5,"href":"https:\/\/blog.telenuovo.it\/mario-zwirner\/wp-json\/wp\/v2\/posts\/1968\/revisions"}],"predecessor-version":[{"id":1983,"href":"https:\/\/blog.telenuovo.it\/mario-zwirner\/wp-json\/wp\/v2\/posts\/1968\/revisions\/1983"}],"wp:attachment":[{"href":"https:\/\/blog.telenuovo.it\/mario-zwirner\/wp-json\/wp\/v2\/media?parent=1968"}],"wp:term":[{"taxonomy":"category","embeddable":true,"href":"https:\/\/blog.telenuovo.it\/mario-zwirner\/wp-json\/wp\/v2\/categories?post=1968"},{"taxonomy":"post_tag","embeddable":true,"href":"https:\/\/blog.telenuovo.it\/mario-zwirner\/wp-json\/wp\/v2\/tags?post=1968"}],"curies":[{"name":"wp","href":"https:\/\/api.w.org\/{rel}","templated":true}]}}