{"id":2109,"date":"2019-04-19T10:31:27","date_gmt":"2019-04-19T08:31:27","guid":{"rendered":"https:\/\/blog.telenuovo.it\/mario-zwirner\/?p=2109"},"modified":"2019-04-19T10:31:27","modified_gmt":"2019-04-19T08:31:27","slug":"se-salvini-usasse-un-minore","status":"publish","type":"post","link":"https:\/\/blog.telenuovo.it\/mario-zwirner\/2019\/04\/19\/se-salvini-usasse-un-minore\/","title":{"rendered":"SE SALVINI USASSE UN MINORE\u2026"},"content":{"rendered":"<p>Ovviamente \u00e8 lecito impegnarsi in qualunque battaglia politica. Si pu\u00f2 discutere, non il contenuto delle varie battaglie, ma le modalit\u00e0 con cui vengono condotte.<\/p>\n<p>Quando Berlusconi era in auge c\u2019era una forte opposizione, non solo alla sua politica di governo ma alimentata anche dalla \u201cnipote di Mubarak\u201d e dalle \u201ccene eleganti\u201d di Arcore. Per questo fu organizzata una grande giornata di protesta al PalaSharp di Milano.<\/p>\n<p>Fin qui niente da dire. Se non che, ad un certo punto, salirono sul palco anche dei ragazzini ad inveire contro il Berlusca. Fu una scelta vergognosa perch\u00e9 si voleva dimostrare che il Cavaliere era un tale farabutto da aver indignato perfino le anime candide e pure dei fanciulli. Fanciulli che evidentemente erano stati plagiati dagli adulti; che se no avrebbero pensato a giocare alla playstation come tutti i loro coetanei, senza avere in mente Berlusconi.<\/p>\n<p>Dal precedente veniamo a Salvini. Con la gioia o col dolore tutti riconoscono che il consenso crescente alla Lega \u00e8 dovuto anzitutto alle sue battaglie sul fronte dell\u2019immigrazione. Battaglie che lui conduce in prima persona sul palco e in tivv\u00f9.<\/p>\n<p>Immaginiamo ora che Salvini pensi: per convincere gli indecisi ho bisogno di un\u2019anima candida. E cos\u00ec si inventa un ragazzino, di nome Francesco come il Santo patrono d\u2019Italia, possibilmente con un qualche handicap che cos\u00ec la gente si commuove di pi\u00f9, e lo manda a denunciare la vita impossibile nelle citt\u00e0 \u201cinquinate\u201d dai clandestini, le donne che la sera non hanno coraggio di uscire nemmeno a buttare la spazzatura nei cassonetti, le classi infrequentabili per i troppi alunni stranieri.<\/p>\n<p>Manda lui, il minore Francesco, sui palchi e in tivv\u00f9, a farsi intervistare dal Tg1 delle 20, ad incontrare la seconda carica dello Stato, e magari pure in udienza dall\u2019omonimo Papa Bergoglio.<\/p>\n<p>Cosa diremmo di Salvini? Ma che \u00e8 un farabutto che sta usando un minore, per giunta con problemi di disabilit\u00e0! Che non siamo tanto cretini da credere che sia lui, Francesco, il protagonista della battaglia e che non sia Matteo a manovrarlo dietro le quinte!<\/p>\n<p>Ho detto \u201ccretini\u201d perch\u00e9 ieri Libero, in occasione della visita a Roma della ragazzina norvegese, ha fatto un titolo certo criticabile \u201cVieni avanti Gretina!\u201d. Criticabile perch\u00e9 non ha rispetto per Greta e la sua sindrome di Asperger.<\/p>\n<p>Ma il problema non \u00e8 Greta Thunberg. Il problema \u00e8 il Tg1, la Casellati, il nostro Senato, lo stesso Papa Francesco. Con tutto il dovuto rispetto alla lotta contro i cambiamenti climatici, ma sono cos\u00ec cretini, o \u201cgretini\u201d, da credere che sia lei la grande protagonista e che non ci sia qualcuno che \u2013 vergognosamente \u2013 la manovra e la utilizza dietro alle quinte?<\/p>\n","protected":false},"excerpt":{"rendered":"<p>Ovviamente \u00e8 lecito impegnarsi in qualunque battaglia politica. Si pu\u00f2 discutere, non il contenuto delle varie battaglie, ma le modalit\u00e0 con cui vengono condotte. Quando Berlusconi era in auge c\u2019era una forte opposizione, non solo alla sua politica di governo ma alimentata anche dalla \u201cnipote di Mubarak\u201d e dalle \u201ccene eleganti\u201d di Arcore. Per questo&#8230;  <a class=\"excerpt-read-more\" href=\"https:\/\/blog.telenuovo.it\/mario-zwirner\/2019\/04\/19\/se-salvini-usasse-un-minore\/\" title=\"Read SE SALVINI USASSE UN MINORE\u2026\">Leggi tutto &raquo;<\/a><\/p>\n","protected":false},"author":3,"featured_media":0,"comment_status":"open","ping_status":"open","sticky":false,"template":"","format":"standard","meta":[],"categories":[1],"tags":[],"_links":{"self":[{"href":"https:\/\/blog.telenuovo.it\/mario-zwirner\/wp-json\/wp\/v2\/posts\/2109"}],"collection":[{"href":"https:\/\/blog.telenuovo.it\/mario-zwirner\/wp-json\/wp\/v2\/posts"}],"about":[{"href":"https:\/\/blog.telenuovo.it\/mario-zwirner\/wp-json\/wp\/v2\/types\/post"}],"author":[{"embeddable":true,"href":"https:\/\/blog.telenuovo.it\/mario-zwirner\/wp-json\/wp\/v2\/users\/3"}],"replies":[{"embeddable":true,"href":"https:\/\/blog.telenuovo.it\/mario-zwirner\/wp-json\/wp\/v2\/comments?post=2109"}],"version-history":[{"count":1,"href":"https:\/\/blog.telenuovo.it\/mario-zwirner\/wp-json\/wp\/v2\/posts\/2109\/revisions"}],"predecessor-version":[{"id":2112,"href":"https:\/\/blog.telenuovo.it\/mario-zwirner\/wp-json\/wp\/v2\/posts\/2109\/revisions\/2112"}],"wp:attachment":[{"href":"https:\/\/blog.telenuovo.it\/mario-zwirner\/wp-json\/wp\/v2\/media?parent=2109"}],"wp:term":[{"taxonomy":"category","embeddable":true,"href":"https:\/\/blog.telenuovo.it\/mario-zwirner\/wp-json\/wp\/v2\/categories?post=2109"},{"taxonomy":"post_tag","embeddable":true,"href":"https:\/\/blog.telenuovo.it\/mario-zwirner\/wp-json\/wp\/v2\/tags?post=2109"}],"curies":[{"name":"wp","href":"https:\/\/api.w.org\/{rel}","templated":true}]}}