{"id":2210,"date":"2019-09-12T11:00:52","date_gmt":"2019-09-12T09:00:52","guid":{"rendered":"https:\/\/blog.telenuovo.it\/mario-zwirner\/?p=2210"},"modified":"2019-09-12T11:00:52","modified_gmt":"2019-09-12T09:00:52","slug":"il-cacciavite-di-enrico-letta","status":"publish","type":"post","link":"https:\/\/blog.telenuovo.it\/mario-zwirner\/2019\/09\/12\/il-cacciavite-di-enrico-letta\/","title":{"rendered":"IL CACCIAVITE DI ENRICO LETTA"},"content":{"rendered":"<p>In tanti anni l\u2019unico programma di governo serio e realistico \u00e8 stato quello di Enrico Letta che, divenuto premier, annunci\u00f2 la \u201cpolitica del cacciavite\u201d.<br \/>\nQuesta \u00e8 la realt\u00e0 del nostro Paese: un governo massimo pu\u00f2 cercare di dare un aggiustatina, un mezzo giro di vite qua un altro l\u00e0. Le riforme drastiche e rivoluzionarie puoi sognartele perch\u00e9 dominano gli interessi corporativi. E anzitutto perch\u00e9 un qualunque governo \u2013 altroch\u00e8 i pieni poteri invocati da Salvini \u2013 si trova nel vuoto di poteri.<br \/>\nNel trasferimento dei poteri; anzitutto a vantaggio della casta dei magistrati. Gli esempi si sprecano: l\u2019ultima parola in materia di bocciatura o promozione non spetta ai docenti ma ai vari Tar; un sindaco (eletto direttamente dai cittadini, cio\u00e8 espressione della sovranit\u00e0 popolare) pu\u00f2 emettere una qualunque ordinanza, ma anche qui la decisione finale spetta ai vincitori di un concorso pubblico, cio\u00e8 alle toghe del Tar; le politiche per l\u2019immigrazione, comunque la si pensi, se far entrare o no una nave Ong, se sbarcare o meno i clandestini, la decidono i vari procuratori da Agrigento in gi\u00f9.<br \/>\nNotizia di oggi: sta per arrivare la \u201clegalizzazione per via giudiziaria del suicidio assistito\u201d, dell\u2019eutanasia; anche qui bypassando il potere legislativo di Camera e Senato.<br \/>\nAltro esempio. La vergogna di Alitalia, da decenni foraggiata col denaro pubblico \u2013 compagnia di bandiera solo per i suoi dipendenti che guadagnano di pi\u00f9 e lavora meno dei dipendenti delle compagnie low cost costretti a stare sul mercato \u2013 continuera di sicuro.<br \/>\nPerch\u00e9 ci vorrebbe un governo col demolitore, mentre massimo pu\u00f2 contare sul cacciavite, come giustamente e sinceramente ricordava Enrico Letta.  <\/p>\n","protected":false},"excerpt":{"rendered":"<p>In tanti anni l\u2019unico programma di governo serio e realistico \u00e8 stato quello di Enrico Letta che, divenuto premier, annunci\u00f2 la \u201cpolitica del cacciavite\u201d. Questa \u00e8 la realt\u00e0 del nostro Paese: un governo massimo pu\u00f2 cercare di dare un aggiustatina, un mezzo giro di vite qua un altro l\u00e0. Le riforme drastiche e rivoluzionarie puoi&#8230;  <a class=\"excerpt-read-more\" href=\"https:\/\/blog.telenuovo.it\/mario-zwirner\/2019\/09\/12\/il-cacciavite-di-enrico-letta\/\" title=\"Read IL CACCIAVITE DI ENRICO LETTA\">Leggi tutto &raquo;<\/a><\/p>\n","protected":false},"author":3,"featured_media":0,"comment_status":"open","ping_status":"open","sticky":false,"template":"","format":"standard","meta":[],"categories":[1],"tags":[],"_links":{"self":[{"href":"https:\/\/blog.telenuovo.it\/mario-zwirner\/wp-json\/wp\/v2\/posts\/2210"}],"collection":[{"href":"https:\/\/blog.telenuovo.it\/mario-zwirner\/wp-json\/wp\/v2\/posts"}],"about":[{"href":"https:\/\/blog.telenuovo.it\/mario-zwirner\/wp-json\/wp\/v2\/types\/post"}],"author":[{"embeddable":true,"href":"https:\/\/blog.telenuovo.it\/mario-zwirner\/wp-json\/wp\/v2\/users\/3"}],"replies":[{"embeddable":true,"href":"https:\/\/blog.telenuovo.it\/mario-zwirner\/wp-json\/wp\/v2\/comments?post=2210"}],"version-history":[{"count":1,"href":"https:\/\/blog.telenuovo.it\/mario-zwirner\/wp-json\/wp\/v2\/posts\/2210\/revisions"}],"predecessor-version":[{"id":2214,"href":"https:\/\/blog.telenuovo.it\/mario-zwirner\/wp-json\/wp\/v2\/posts\/2210\/revisions\/2214"}],"wp:attachment":[{"href":"https:\/\/blog.telenuovo.it\/mario-zwirner\/wp-json\/wp\/v2\/media?parent=2210"}],"wp:term":[{"taxonomy":"category","embeddable":true,"href":"https:\/\/blog.telenuovo.it\/mario-zwirner\/wp-json\/wp\/v2\/categories?post=2210"},{"taxonomy":"post_tag","embeddable":true,"href":"https:\/\/blog.telenuovo.it\/mario-zwirner\/wp-json\/wp\/v2\/tags?post=2210"}],"curies":[{"name":"wp","href":"https:\/\/api.w.org\/{rel}","templated":true}]}}