{"id":2231,"date":"2019-11-22T09:47:54","date_gmt":"2019-11-22T08:47:54","guid":{"rendered":"https:\/\/blog.telenuovo.it\/mario-zwirner\/?p=2231"},"modified":"2019-11-22T09:47:54","modified_gmt":"2019-11-22T08:47:54","slug":"quel-grosso-razzista","status":"publish","type":"post","link":"https:\/\/blog.telenuovo.it\/mario-zwirner\/2019\/11\/22\/quel-grosso-razzista\/","title":{"rendered":"QUEL GROSSO RAZZISTA&#8230;"},"content":{"rendered":"<p>&nbsp;<\/p>\n<p>Abbiamo un grosso problema: c\u2019\u00e8 un grosso razzista; \u00e8 Fabio Grosso, allenatore del Brescia, che ha osato mandare a casa l\u2019eroe dell\u2019antirazzismo da stadio, Mario Balotelli, perch\u00e9 si allenava in maniera svogliata.<\/p>\n<p>Questa la motivazione addetta da Grosso, ma \u00e8 chiaro che c\u2019entra il colore della pelle di Balotelli, non i suoi comportamenti sempre esemplari\u2026<\/p>\n<p>Perfino la Gazzetta \u2013 incarnazione del politicamente corretto contro il razzismo nel calcio \u2013 osa ricordare le ultime che ha combinato Balotelli: 2 mila euro al ragazzo che si \u00e8 buttato in mare con lo scooter, sostituito in Genoa-Brescia scalcia la macchina fotografica di un fotografo, mostra il dito medio ai tifosi dell\u2019Inter.<\/p>\n<p>Mario Balotelli \u00e8 stato cacciato da tutte le societ\u00e0 calcistiche dove ha giocato. Per il colore della pelle o perch\u00e9 le societ\u00e0 serie si liberalo di qualunque giocatore si comporti da cialtrone, anche se ha la pelle bianca? Solo quel bauco di Gravina, presidente della Fgci, ha detto che bisogna farlo giocare in nazionale a prescindere\u2026Lo cacciamo o lo teniamo al vertice del nostro calcio?<\/p>\n<p>La domanda vale a 360 gradi: dov\u2019\u00e8 il razzismo nei confronti dei tanti immigrati che lavorano (anche il sabato e la domenica, pi\u00f9 degli italiani\u2026) si sono integrati e non creano problemi? Se poi diciamo che vanno mandati a casa o in galera quelli che arrivano dall\u2019Est a razziare, siamo razzisti? Altrettanto nei confronti degli africani che nelle nostre citt\u00e0 gestiscono droga e prostituzione.<\/p>\n<p>Se osiamo criticare quegli islamici che impediscono alle loro donne di uscire di casa e di esercitare la libert\u00e0, siamo islamofobi e razzisti o cerchiamo di difendere il poco che resta dei valori fondanti della nostra civilt\u00e0?<\/p>\n<p>Per capire qual \u00e8 la deriva sar\u00e0 interessante vedere se il presidente del Brescia, Massimo Cellino, caccer\u00e0 Mario Balotelli o quel grosso razzista di Fabio Grosso. Cartina di tornasole.<\/p>\n<p>&nbsp;<\/p>\n","protected":false},"excerpt":{"rendered":"<p>&nbsp; Abbiamo un grosso problema: c\u2019\u00e8 un grosso razzista; \u00e8 Fabio Grosso, allenatore del Brescia, che ha osato mandare a casa l\u2019eroe dell\u2019antirazzismo da stadio, Mario Balotelli, perch\u00e9 si allenava in maniera svogliata. Questa la motivazione addetta da Grosso, ma \u00e8 chiaro che c\u2019entra il colore della pelle di Balotelli, non i suoi comportamenti sempre&#8230;  <a class=\"excerpt-read-more\" href=\"https:\/\/blog.telenuovo.it\/mario-zwirner\/2019\/11\/22\/quel-grosso-razzista\/\" title=\"Read QUEL GROSSO RAZZISTA&#8230;\">Leggi tutto &raquo;<\/a><\/p>\n","protected":false},"author":3,"featured_media":0,"comment_status":"open","ping_status":"open","sticky":false,"template":"","format":"standard","meta":[],"categories":[1],"tags":[],"_links":{"self":[{"href":"https:\/\/blog.telenuovo.it\/mario-zwirner\/wp-json\/wp\/v2\/posts\/2231"}],"collection":[{"href":"https:\/\/blog.telenuovo.it\/mario-zwirner\/wp-json\/wp\/v2\/posts"}],"about":[{"href":"https:\/\/blog.telenuovo.it\/mario-zwirner\/wp-json\/wp\/v2\/types\/post"}],"author":[{"embeddable":true,"href":"https:\/\/blog.telenuovo.it\/mario-zwirner\/wp-json\/wp\/v2\/users\/3"}],"replies":[{"embeddable":true,"href":"https:\/\/blog.telenuovo.it\/mario-zwirner\/wp-json\/wp\/v2\/comments?post=2231"}],"version-history":[{"count":1,"href":"https:\/\/blog.telenuovo.it\/mario-zwirner\/wp-json\/wp\/v2\/posts\/2231\/revisions"}],"predecessor-version":[{"id":2232,"href":"https:\/\/blog.telenuovo.it\/mario-zwirner\/wp-json\/wp\/v2\/posts\/2231\/revisions\/2232"}],"wp:attachment":[{"href":"https:\/\/blog.telenuovo.it\/mario-zwirner\/wp-json\/wp\/v2\/media?parent=2231"}],"wp:term":[{"taxonomy":"category","embeddable":true,"href":"https:\/\/blog.telenuovo.it\/mario-zwirner\/wp-json\/wp\/v2\/categories?post=2231"},{"taxonomy":"post_tag","embeddable":true,"href":"https:\/\/blog.telenuovo.it\/mario-zwirner\/wp-json\/wp\/v2\/tags?post=2231"}],"curies":[{"name":"wp","href":"https:\/\/api.w.org\/{rel}","templated":true}]}}