{"id":2252,"date":"2020-03-17T10:54:19","date_gmt":"2020-03-17T09:54:19","guid":{"rendered":"https:\/\/blog.telenuovo.it\/mario-zwirner\/?p=2252"},"modified":"2020-03-17T10:54:19","modified_gmt":"2020-03-17T09:54:19","slug":"scontiamo-le-nostre-colpe","status":"publish","type":"post","link":"https:\/\/blog.telenuovo.it\/mario-zwirner\/2020\/03\/17\/scontiamo-le-nostre-colpe\/","title":{"rendered":"SCONTIAMO LE NOSTRE COLPE"},"content":{"rendered":"<p>&nbsp;<\/p>\n<p>Tutti \u2013 giustamente \u2013 scandalizzati per i tagli alla sanit\u00e0 avvenuti negli anni scorsi, per la mancata assunzione di medici. C\u2019\u00e8 la responsabilit\u00e0 della politica, ma non solo<\/p>\n<p>Ernesto Galli della Loggia sul Corriere ha scritto che non sono mancati solo gli investimenti sulle infrastrutture, a partire da quelle sanitarie, ma anche sulla ricerca, sulla messa in sicurezza degli edifici scolastici, etc. etc.<\/p>\n<p>Come mai? Perch\u00e9 noi cittadini elettori per primi abbiamo voluto un welfare, cio\u00e8 investimenti pubblici, che producessero anzitutto soldi. Soldi nelle nostre tasche: \u201caumenti di stipendio, pensioni di invalidit\u00e0 fasulle, baby pensioni, cassa integrazione, regalini da 80 euro, reddito di cittadinanza, sussidi e agevolazioni pi\u00f9 varie\u201d<\/p>\n<p>Galli della Loggia sottolinea che, se la sanit\u00e0 del Sud \u00e8 al tracollo, lo \u00e8 perch\u00e9 i governatori di quelle regioni hanno investito anzitutto sul clientelismo. Ma pensiamo anche qui da noi: che senso ha aver finanziato con denaro pubblico ogni sagra di paese? Quanta terapia intensiva in pi\u00f9 si poteva fare?<\/p>\n<p>Galli della Loggia scrive ancora: \u201cin una democrazia, si sa, a meno che non vi siano personalit\u00e0 autentiche di statisti, la politica e tutto quanto le ruota attorno, stampa compresa, segue sempre pi\u00f9 o meno pedissequamente la volont\u00e0 del pubblico, la quale poi, alla fine, \u00e8 la volont\u00e0 degli elettori.<\/p>\n<p>Quindi c\u2019\u00e8 sicuramente la responsabilit\u00e0 di una classe politica (tutti i governi, di ogni colore) inadeguata. Ma dov\u2019era il nostro senso civico? La consapevolezza che bisogna potenziare lo Stato e non pensare solo a mettere soldi pubblici nelle nostre tasche.<\/p>\n","protected":false},"excerpt":{"rendered":"<p>&nbsp; Tutti \u2013 giustamente \u2013 scandalizzati per i tagli alla sanit\u00e0 avvenuti negli anni scorsi, per la mancata assunzione di medici. C\u2019\u00e8 la responsabilit\u00e0 della politica, ma non solo Ernesto Galli della Loggia sul Corriere ha scritto che non sono mancati solo gli investimenti sulle infrastrutture, a partire da quelle sanitarie, ma anche sulla ricerca,&#8230;  <a class=\"excerpt-read-more\" href=\"https:\/\/blog.telenuovo.it\/mario-zwirner\/2020\/03\/17\/scontiamo-le-nostre-colpe\/\" title=\"Read SCONTIAMO LE NOSTRE COLPE\">Leggi tutto &raquo;<\/a><\/p>\n","protected":false},"author":3,"featured_media":0,"comment_status":"open","ping_status":"open","sticky":false,"template":"","format":"standard","meta":[],"categories":[1],"tags":[],"_links":{"self":[{"href":"https:\/\/blog.telenuovo.it\/mario-zwirner\/wp-json\/wp\/v2\/posts\/2252"}],"collection":[{"href":"https:\/\/blog.telenuovo.it\/mario-zwirner\/wp-json\/wp\/v2\/posts"}],"about":[{"href":"https:\/\/blog.telenuovo.it\/mario-zwirner\/wp-json\/wp\/v2\/types\/post"}],"author":[{"embeddable":true,"href":"https:\/\/blog.telenuovo.it\/mario-zwirner\/wp-json\/wp\/v2\/users\/3"}],"replies":[{"embeddable":true,"href":"https:\/\/blog.telenuovo.it\/mario-zwirner\/wp-json\/wp\/v2\/comments?post=2252"}],"version-history":[{"count":1,"href":"https:\/\/blog.telenuovo.it\/mario-zwirner\/wp-json\/wp\/v2\/posts\/2252\/revisions"}],"predecessor-version":[{"id":2253,"href":"https:\/\/blog.telenuovo.it\/mario-zwirner\/wp-json\/wp\/v2\/posts\/2252\/revisions\/2253"}],"wp:attachment":[{"href":"https:\/\/blog.telenuovo.it\/mario-zwirner\/wp-json\/wp\/v2\/media?parent=2252"}],"wp:term":[{"taxonomy":"category","embeddable":true,"href":"https:\/\/blog.telenuovo.it\/mario-zwirner\/wp-json\/wp\/v2\/categories?post=2252"},{"taxonomy":"post_tag","embeddable":true,"href":"https:\/\/blog.telenuovo.it\/mario-zwirner\/wp-json\/wp\/v2\/tags?post=2252"}],"curies":[{"name":"wp","href":"https:\/\/api.w.org\/{rel}","templated":true}]}}