{"id":2286,"date":"2020-08-25T11:49:04","date_gmt":"2020-08-25T09:49:04","guid":{"rendered":"https:\/\/blog.telenuovo.it\/mario-zwirner\/?p=2286"},"modified":"2020-08-25T11:49:04","modified_gmt":"2020-08-25T09:49:04","slug":"professionisti-dellodio-contro-verona","status":"publish","type":"post","link":"https:\/\/blog.telenuovo.it\/mario-zwirner\/2020\/08\/25\/professionisti-dellodio-contro-verona\/","title":{"rendered":"PROFESSIONISTI DELL&#8217;ODIO CONTRO VERONA"},"content":{"rendered":"<p>Secondo il giornalista di Repubblica Paolo Berizzi il devastante uragano che ha investito Verona \u00e8 dovuto al Karma: cio\u00e8 agli dei che puniscono i cattivi. Quindi Verona, essendo piena di cattivi cio\u00e8 \u2013 come ha scritto Berizzi \u2013 di cittadini \u201cnazifascisti e razzisti che da anni fomentano l\u2019odio contro i pi\u00f9 deboli e augurano disgrazie a stranieri, negri, gay, ebrei, terroni\u201d, Verona merita il nubifragio inviato dal Karma.<\/p>\n<p>Direi che la libert\u00e0 di opinione va comunque difesa, perch\u00e9 fa emergere di tutto: dalla svastica tatuata sul collo dalla candidata alla falce e martello tutt\u2019ora impressa nel cervello di una certa sinistra; fino alla pigrizia mentale e culturale di chi pensa di poter analizzare e comprendere le nuove realt\u00e0 di un societ\u00e0 in rapida e costante evoluzione, ricorrendo a stereotipi pi\u00f9 o meno tragici del passato; dal nazismo, al fascismo, al comunismo, agli odi etnici e razziali.<\/p>\n<p>Non \u00e8 escluso che il Karma, la punizione degli dei, colpisca anche loro; cio\u00e8 la pigrizia di chi resta ancorato al passato.<\/p>\n<p>Tanto per fare un esempio: pi\u00f9 facile e banale definire Salvini fascista, che cercare di comprendere cos\u2019\u00e8 oggi la Lega e perch\u00e9 ottiene cos\u00ec tanti consensi. (Tutti razzisti e fascisti i suoi elettori?&#8230;)<\/p>\n<p>Il torto di Verona e dei veronesi Berizzi poteva sintetizzarlo cos\u00ec: una citt\u00e0 pi\u00f9 a destra che a sinistra. Che per questo merita, non solo l\u2019uragano, ma di essere cancellata da un nuovo diluvio universale\u2026<\/p>\n<p>Non so se abbia senso dare del fascista antifascista a Berizzi come ha fatto Sallusti sul Giornale. (Quasi superfluo ricordare che il fondatore di Repubblica, Scalfari, fu un fascistone convinto). Piuttosto questo collega pare l\u2019incarnazione della presunzione di superiorit\u00e0 culturale di certi esponenti della sinistra (questa s\u00ec in odore di razzismo). Uomini colti che sanno cosa \u00e8 il Karma e lo citano. Magari dimenticando che anche Hitler era affascinato dall\u2019esoterismo orientale. E questo li trasforma in professionisti dell\u2019odio.<\/p>\n<p>Concludo ricordando che la giunta comunale di Verona ha presentato querela e un esposto all\u2019ordine dei giornalisti contro Paolo Berizzi. L\u2019assessore alla sicurezza Daniele Polato ha chiesto al ministero degli Interni di toglierli la scorta. Ed \u00e8 l\u2019estremo paradosso: i professionisti dell\u2019odio si meritano e si conquistano il privilegio di essere scortati\u2026<\/p>\n<p>&nbsp;<\/p>\n","protected":false},"excerpt":{"rendered":"<p>Secondo il giornalista di Repubblica Paolo Berizzi il devastante uragano che ha investito Verona \u00e8 dovuto al Karma: cio\u00e8 agli dei che puniscono i cattivi. Quindi Verona, essendo piena di cattivi cio\u00e8 \u2013 come ha scritto Berizzi \u2013 di cittadini \u201cnazifascisti e razzisti che da anni fomentano l\u2019odio contro i pi\u00f9 deboli e augurano disgrazie&#8230;  <a class=\"excerpt-read-more\" href=\"https:\/\/blog.telenuovo.it\/mario-zwirner\/2020\/08\/25\/professionisti-dellodio-contro-verona\/\" title=\"Read PROFESSIONISTI DELL&#8217;ODIO CONTRO VERONA\">Leggi tutto &raquo;<\/a><\/p>\n","protected":false},"author":3,"featured_media":0,"comment_status":"open","ping_status":"open","sticky":false,"template":"","format":"standard","meta":[],"categories":[1],"tags":[],"_links":{"self":[{"href":"https:\/\/blog.telenuovo.it\/mario-zwirner\/wp-json\/wp\/v2\/posts\/2286"}],"collection":[{"href":"https:\/\/blog.telenuovo.it\/mario-zwirner\/wp-json\/wp\/v2\/posts"}],"about":[{"href":"https:\/\/blog.telenuovo.it\/mario-zwirner\/wp-json\/wp\/v2\/types\/post"}],"author":[{"embeddable":true,"href":"https:\/\/blog.telenuovo.it\/mario-zwirner\/wp-json\/wp\/v2\/users\/3"}],"replies":[{"embeddable":true,"href":"https:\/\/blog.telenuovo.it\/mario-zwirner\/wp-json\/wp\/v2\/comments?post=2286"}],"version-history":[{"count":2,"href":"https:\/\/blog.telenuovo.it\/mario-zwirner\/wp-json\/wp\/v2\/posts\/2286\/revisions"}],"predecessor-version":[{"id":2288,"href":"https:\/\/blog.telenuovo.it\/mario-zwirner\/wp-json\/wp\/v2\/posts\/2286\/revisions\/2288"}],"wp:attachment":[{"href":"https:\/\/blog.telenuovo.it\/mario-zwirner\/wp-json\/wp\/v2\/media?parent=2286"}],"wp:term":[{"taxonomy":"category","embeddable":true,"href":"https:\/\/blog.telenuovo.it\/mario-zwirner\/wp-json\/wp\/v2\/categories?post=2286"},{"taxonomy":"post_tag","embeddable":true,"href":"https:\/\/blog.telenuovo.it\/mario-zwirner\/wp-json\/wp\/v2\/tags?post=2286"}],"curies":[{"name":"wp","href":"https:\/\/api.w.org\/{rel}","templated":true}]}}