{"id":2290,"date":"2020-10-05T10:46:48","date_gmt":"2020-10-05T08:46:48","guid":{"rendered":"https:\/\/blog.telenuovo.it\/mario-zwirner\/?p=2290"},"modified":"2020-10-05T10:46:48","modified_gmt":"2020-10-05T08:46:48","slug":"cosentino-il-vero-sequestro-di-persona","status":"publish","type":"post","link":"https:\/\/blog.telenuovo.it\/mario-zwirner\/2020\/10\/05\/cosentino-il-vero-sequestro-di-persona\/","title":{"rendered":"COSENTINO, IL VERO SEQUESTRO DI PERSONA"},"content":{"rendered":"<p>Teoricamente anche l\u2019Asl di Napoli potrebbe essere denunciata per sequestro di persona: ha obbligato i giocatori partenopei a restare in citt\u00e0, ha impedito loro di andare a Torino a giocare con la Juve; creando gravi danni non solo alla societ\u00e0 di De Laurentis ma all\u2019intero sistema calcistico.<\/p>\n<p>Le accuse a Matteo Salvini sono diventate una farsa, che sta producendo pi\u00f9 vantaggi che danni al leader della Lega.<\/p>\n<p>Ma il vero sequestro di persona \u00e8 un altro, quello subito da Nacola Cosentino: costretto a restare, non quattro giorni su una nave, ma oltre tre anni in carcere; salvo venire in questi giorni assolto.<\/p>\n<p>I media hanno ignorato questa autentica barbarie giudiziaria, la lunga carcerazione preventiva, prevista \u2013 tra le democrazie europee &#8211; solo nel nostro Paese.<\/p>\n<p>Qualche articolo su alcuni giornali, silenzio totale della Rai, ampio risalto solo sul Riformista il giornale on line (di sinistra) diretto da Piero Sansonetti, unico media davvero garantista.<\/p>\n<p>Sansonetti ha spiegato che, grazie anche al decreto \u201cspazzacorrotti\u201d, la carcerazione preventiva dilaga sempre pi\u00f9 nel nostro Paese. Quando sarebbero comunque pi\u00f9 che sufficienti gli arresti domiciliari di fronte all\u2019ipotesi \u2013 sempre messa in campo da certi magistrati \u2013 del pericolo di fuga o di reiterazione del reato.<\/p>\n<p>Andrebbero o no processati per vero e autentico sequestro di persona quei pm che hanno lasciato per oltre 3 anni in carcere Nicola Cosentino? Non se ne parla. Per quante ne abbiano combinate certe toghe da Enzo Tortora in avanti non c\u2019\u00e8 notizia di una sola seria sanzione a loro carico.<\/p>\n<p>Anche oggi, di fronte allo scandalo Palamara, si parla massimo di dimissioni dal Csm. Cose se a suo tempo fosse bastato far dimettere Cosentino da parlamentare e responsabile di Forza Italia in Campania\u2026<\/p>\n<p>Arriver\u00e0 mai una seria riforma della giustizia, basata sulla separazione delle carriere e una precisa responsabilit\u00e0 giudiziaria dei magistrati che sbagliano (come avviene, tanto per dire, con i medici)? No, non arriver\u00e0 mai. A meno che il politico che dovesse proporla non voglia rischiare di finire in carcere preventivo\u2026<\/p>\n<p>&nbsp;<\/p>\n","protected":false},"excerpt":{"rendered":"<p>Teoricamente anche l\u2019Asl di Napoli potrebbe essere denunciata per sequestro di persona: ha obbligato i giocatori partenopei a restare in citt\u00e0, ha impedito loro di andare a Torino a giocare con la Juve; creando gravi danni non solo alla societ\u00e0 di De Laurentis ma all\u2019intero sistema calcistico. Le accuse a Matteo Salvini sono diventate una&#8230;  <a class=\"excerpt-read-more\" href=\"https:\/\/blog.telenuovo.it\/mario-zwirner\/2020\/10\/05\/cosentino-il-vero-sequestro-di-persona\/\" title=\"Read COSENTINO, IL VERO SEQUESTRO DI PERSONA\">Leggi tutto &raquo;<\/a><\/p>\n","protected":false},"author":3,"featured_media":0,"comment_status":"open","ping_status":"open","sticky":false,"template":"","format":"standard","meta":[],"categories":[1],"tags":[],"_links":{"self":[{"href":"https:\/\/blog.telenuovo.it\/mario-zwirner\/wp-json\/wp\/v2\/posts\/2290"}],"collection":[{"href":"https:\/\/blog.telenuovo.it\/mario-zwirner\/wp-json\/wp\/v2\/posts"}],"about":[{"href":"https:\/\/blog.telenuovo.it\/mario-zwirner\/wp-json\/wp\/v2\/types\/post"}],"author":[{"embeddable":true,"href":"https:\/\/blog.telenuovo.it\/mario-zwirner\/wp-json\/wp\/v2\/users\/3"}],"replies":[{"embeddable":true,"href":"https:\/\/blog.telenuovo.it\/mario-zwirner\/wp-json\/wp\/v2\/comments?post=2290"}],"version-history":[{"count":1,"href":"https:\/\/blog.telenuovo.it\/mario-zwirner\/wp-json\/wp\/v2\/posts\/2290\/revisions"}],"predecessor-version":[{"id":2291,"href":"https:\/\/blog.telenuovo.it\/mario-zwirner\/wp-json\/wp\/v2\/posts\/2290\/revisions\/2291"}],"wp:attachment":[{"href":"https:\/\/blog.telenuovo.it\/mario-zwirner\/wp-json\/wp\/v2\/media?parent=2290"}],"wp:term":[{"taxonomy":"category","embeddable":true,"href":"https:\/\/blog.telenuovo.it\/mario-zwirner\/wp-json\/wp\/v2\/categories?post=2290"},{"taxonomy":"post_tag","embeddable":true,"href":"https:\/\/blog.telenuovo.it\/mario-zwirner\/wp-json\/wp\/v2\/tags?post=2290"}],"curies":[{"name":"wp","href":"https:\/\/api.w.org\/{rel}","templated":true}]}}