{"id":2297,"date":"2020-10-26T11:40:24","date_gmt":"2020-10-26T10:40:24","guid":{"rendered":"https:\/\/blog.telenuovo.it\/mario-zwirner\/?p=2297"},"modified":"2020-10-26T11:40:24","modified_gmt":"2020-10-26T10:40:24","slug":"un-paese-di-scienziati","status":"publish","type":"post","link":"https:\/\/blog.telenuovo.it\/mario-zwirner\/2020\/10\/26\/un-paese-di-scienziati\/","title":{"rendered":"UN PAESE DI SCIENZIATI"},"content":{"rendered":"<p>&nbsp;<\/p>\n<p>Col Covid, ed in particolare con la seconda ondata, siamo diventati un Paese di scienziati; un popolo di scienziati, ognuno con la ricetta giusta per contrastare l\u2019epidemia.<\/p>\n<p>Proprio come quando l\u2019Italia vinceva i mondiali di calcio: tutti ct della nazionale, ognuno sapeva quale era la squadra giusta da mandare in campo.<\/p>\n<p>Cos\u00ec oggi ognuno pensa e dice la sua su le misure, i divieti, le chiusure, le precauzioni da prendere. Ovviamente pareri diversi e contrastanti. Ma, se ci riteniamo tutti degli esperti, \u00e8 dovuto, oltre al nostra sfrenato individualismo, ad episodi incredibili come quello accaduto nei giorni scorsi quando 100 eminenti personaggi inviarono una lettera a Mattarella invocando interventi drastici e immediati<\/p>\n<p>Tutti i media titolarono: \u201c100 scienziati scrivono a Mattarella\u201d. Vai a vedere i nomi e scopri che sono in gran parte cattedratici. Ci sono anche docenti di diritto, di fisica, di economia che nulla hanno a che vedere con la scienza intesa come medicina.<\/p>\n<p>Chiaro che, se un docente di diritto pu\u00f2 ritenersi uno scienziato, un esperto di Covid, altrettanto pu\u00f2 fare ognuno di noi.<\/p>\n<p>Quanto ai cosiddetti \u201cscienziati\u201d forse andrebbe imposto un coprifuoco di 24 ore sulle loro labbra, impedendo cos\u00ec che continuino a diffondere panico e incertezza.<\/p>\n<p>Ma, il problema vero non \u00e8 la qualit\u00e0 degli scienziati, bens\u00ec quello della nostra classe politica.<\/p>\n<p>Interminabile, piena di dettagli, spiegazioni ed esortazioni, la conferenza stampa del nostro Giuseppe Conte, e poi avanti tutta con le domande dei giornalisti.<\/p>\n<p>Intanto l\u2019ambasciata tedesca metteva in rete l\u2019intervento di Angela Merkel: nessuna conferenza stampa, niente blateramenti, un messaggio chiaro e sintetico di soli tre minuti ai cittadini tedeschi per fare loro il quadro della situazione e le precauzioni da tenere.<\/p>\n<p>Potete vedere il video della Merkel sul nostro sito. E fare un confronto con Conte.<\/p>\n<p>Purtroppo possiamo assumere giocatori e allenatori stranieri, ma non autentici leader politici come la cancelliera Angela\u2026<\/p>\n<p>&nbsp;<\/p>\n","protected":false},"excerpt":{"rendered":"<p>&nbsp; Col Covid, ed in particolare con la seconda ondata, siamo diventati un Paese di scienziati; un popolo di scienziati, ognuno con la ricetta giusta per contrastare l\u2019epidemia. Proprio come quando l\u2019Italia vinceva i mondiali di calcio: tutti ct della nazionale, ognuno sapeva quale era la squadra giusta da mandare in campo. Cos\u00ec oggi ognuno&#8230;  <a class=\"excerpt-read-more\" href=\"https:\/\/blog.telenuovo.it\/mario-zwirner\/2020\/10\/26\/un-paese-di-scienziati\/\" title=\"Read UN PAESE DI SCIENZIATI\">Leggi tutto &raquo;<\/a><\/p>\n","protected":false},"author":3,"featured_media":0,"comment_status":"open","ping_status":"open","sticky":false,"template":"","format":"standard","meta":[],"categories":[1],"tags":[],"_links":{"self":[{"href":"https:\/\/blog.telenuovo.it\/mario-zwirner\/wp-json\/wp\/v2\/posts\/2297"}],"collection":[{"href":"https:\/\/blog.telenuovo.it\/mario-zwirner\/wp-json\/wp\/v2\/posts"}],"about":[{"href":"https:\/\/blog.telenuovo.it\/mario-zwirner\/wp-json\/wp\/v2\/types\/post"}],"author":[{"embeddable":true,"href":"https:\/\/blog.telenuovo.it\/mario-zwirner\/wp-json\/wp\/v2\/users\/3"}],"replies":[{"embeddable":true,"href":"https:\/\/blog.telenuovo.it\/mario-zwirner\/wp-json\/wp\/v2\/comments?post=2297"}],"version-history":[{"count":1,"href":"https:\/\/blog.telenuovo.it\/mario-zwirner\/wp-json\/wp\/v2\/posts\/2297\/revisions"}],"predecessor-version":[{"id":2298,"href":"https:\/\/blog.telenuovo.it\/mario-zwirner\/wp-json\/wp\/v2\/posts\/2297\/revisions\/2298"}],"wp:attachment":[{"href":"https:\/\/blog.telenuovo.it\/mario-zwirner\/wp-json\/wp\/v2\/media?parent=2297"}],"wp:term":[{"taxonomy":"category","embeddable":true,"href":"https:\/\/blog.telenuovo.it\/mario-zwirner\/wp-json\/wp\/v2\/categories?post=2297"},{"taxonomy":"post_tag","embeddable":true,"href":"https:\/\/blog.telenuovo.it\/mario-zwirner\/wp-json\/wp\/v2\/tags?post=2297"}],"curies":[{"name":"wp","href":"https:\/\/api.w.org\/{rel}","templated":true}]}}