{"id":2304,"date":"2020-12-16T11:14:44","date_gmt":"2020-12-16T10:14:44","guid":{"rendered":"https:\/\/blog.telenuovo.it\/mario-zwirner\/?p=2304"},"modified":"2020-12-16T11:14:44","modified_gmt":"2020-12-16T10:14:44","slug":"il-governo-dei-rimandati","status":"publish","type":"post","link":"https:\/\/blog.telenuovo.it\/mario-zwirner\/2020\/12\/16\/il-governo-dei-rimandati\/","title":{"rendered":"IL GOVERNO DEI RIMANDATI"},"content":{"rendered":"<p>Una volta gli studenti meno bravi, che non riuscivano ad essere promossi a giugno, venivano rimandati ad Ottobre. Ed ad Ottobre gli insegnanti decidevano se promuoverli o bocciarli.<\/p>\n<p>Questo nostro \u00e8 proprio in governo dei rimandati, non ad ottobre ad illo tempore. Rimandano tutto e sempre. Il resto d\u2019Europa ha gi\u00e0 deciso (la Merkel con un discorso durato 8 minuti\u2026) le misure da adottare per le feste. Mentre il governo dei rimandati rimanda e litiga.<\/p>\n<p>Qualunque sia la decisione gli operatori economici in particolare hanno diritto di conoscerla al pi\u00f9 presto. Baristi e ristoratori per sapere se devono fare ordini di materie prime o bloccarli.<\/p>\n<p>Non solo in Veneto ma in tutta Italia siamo riusciti a superare la Gran Bretagna e a diventare il Paese con pi\u00f9 morti in assoluto. Che sia grazie ai continui rinvii, cosa dite?<\/p>\n<p>Il Veneto, una regione rimasta gialla, \u00e8 la pi\u00f9 disastrata. Ma passarla al rosso non poteva deciderlo Zaia (che pure qualche misura pi\u00f9 restrittiva l\u2019ha varata) doveva farlo il governo dei rimandati. Che invece ha fatto l\u2019esatto contrario: ha abbassato la fascia di tutte le altre regioni. Mancava solo che si mettessero di persona a diffondere i contagi\u2026<\/p>\n<p>Credo che il preside d\u2019Italia, cio\u00e8 il Presidente della Repubblica, avrebbe il dovere di rimandare alle urne il governo dei rimandati per vedere se i cittadini li promuovono o li bocciano. Vana speranza, ovviamente. Anche Mattarella rimanda\u2026<\/p>\n<p>Per quanto riguarda noi cittadini una frase da scolpire l\u2019ha detta il chirurgo padovano Enrico Gringeri: \u201cpi\u00f9 che l\u2019immunit\u00e0 di gregge serve la maturit\u00e0 di gregge.\u201d.<\/p>\n<p>Quella che ci manca, la maturit\u00e0 di gregge, e che nessun vaccino pu\u00f2 garantirla a noi italiani.<\/p>\n","protected":false},"excerpt":{"rendered":"<p>Una volta gli studenti meno bravi, che non riuscivano ad essere promossi a giugno, venivano rimandati ad Ottobre. Ed ad Ottobre gli insegnanti decidevano se promuoverli o bocciarli. Questo nostro \u00e8 proprio in governo dei rimandati, non ad ottobre ad illo tempore. Rimandano tutto e sempre. Il resto d\u2019Europa ha gi\u00e0 deciso (la Merkel con&#8230;  <a class=\"excerpt-read-more\" href=\"https:\/\/blog.telenuovo.it\/mario-zwirner\/2020\/12\/16\/il-governo-dei-rimandati\/\" title=\"Read IL GOVERNO DEI RIMANDATI\">Leggi tutto &raquo;<\/a><\/p>\n","protected":false},"author":3,"featured_media":0,"comment_status":"open","ping_status":"open","sticky":false,"template":"","format":"standard","meta":[],"categories":[1],"tags":[],"_links":{"self":[{"href":"https:\/\/blog.telenuovo.it\/mario-zwirner\/wp-json\/wp\/v2\/posts\/2304"}],"collection":[{"href":"https:\/\/blog.telenuovo.it\/mario-zwirner\/wp-json\/wp\/v2\/posts"}],"about":[{"href":"https:\/\/blog.telenuovo.it\/mario-zwirner\/wp-json\/wp\/v2\/types\/post"}],"author":[{"embeddable":true,"href":"https:\/\/blog.telenuovo.it\/mario-zwirner\/wp-json\/wp\/v2\/users\/3"}],"replies":[{"embeddable":true,"href":"https:\/\/blog.telenuovo.it\/mario-zwirner\/wp-json\/wp\/v2\/comments?post=2304"}],"version-history":[{"count":1,"href":"https:\/\/blog.telenuovo.it\/mario-zwirner\/wp-json\/wp\/v2\/posts\/2304\/revisions"}],"predecessor-version":[{"id":2305,"href":"https:\/\/blog.telenuovo.it\/mario-zwirner\/wp-json\/wp\/v2\/posts\/2304\/revisions\/2305"}],"wp:attachment":[{"href":"https:\/\/blog.telenuovo.it\/mario-zwirner\/wp-json\/wp\/v2\/media?parent=2304"}],"wp:term":[{"taxonomy":"category","embeddable":true,"href":"https:\/\/blog.telenuovo.it\/mario-zwirner\/wp-json\/wp\/v2\/categories?post=2304"},{"taxonomy":"post_tag","embeddable":true,"href":"https:\/\/blog.telenuovo.it\/mario-zwirner\/wp-json\/wp\/v2\/tags?post=2304"}],"curies":[{"name":"wp","href":"https:\/\/api.w.org\/{rel}","templated":true}]}}