{"id":2342,"date":"2021-05-18T10:42:00","date_gmt":"2021-05-18T08:42:00","guid":{"rendered":"https:\/\/blog.telenuovo.it\/mario-zwirner\/?p=2342"},"modified":"2021-05-18T10:42:00","modified_gmt":"2021-05-18T08:42:00","slug":"col-green-pass-boom-di-nozze","status":"publish","type":"post","link":"https:\/\/blog.telenuovo.it\/mario-zwirner\/2021\/05\/18\/col-green-pass-boom-di-nozze\/","title":{"rendered":"COL GREEN PASS BOOM DI NOZZE"},"content":{"rendered":"<p>&nbsp;<\/p>\n<p>Tra i nuovi provvedimenti del governo c\u2019\u00e8 la possibilit\u00e0 di tornare a fare i banchetti matrimoniali col green pass. Giusto dare una possibilit\u00e0 di tornare a lavorare a chi organizza banchetti. Ma arduo credere che ci sar\u00e0 un boom di nozze. I matrimoni religiosi sono praticamente estinti, quelli civili in caduta libera; e non perch\u00e9 mancano i banchetti\u2026<\/p>\n<p>Piccolo esempio a dimostrare che non bastano interventi governativi n\u00e9 legislativi per invertire una tendenza culturale: nella fattispecie la scelta sempre pi\u00f9 frequente di non sposarsi.<\/p>\n<p>La questione si pone anche per il tanto discusso ddl Zan. Tutti d\u2019accordo, ovviamente, nel contrastare le discriminazioni e la violenza anche contro i gay. Ma siamo convinti di riuscirci per via legislativa?<\/p>\n<p>In queste ore \u00e8 arrivato un dato sconfortante sul fronte della violenza contro le donne: aumentate dell\u201980% le telefonate con richiesta di aiuto. Se questo \u00e8 il risultato di aver inasprito le pene, introducendo il reato di femminicidio, dobbiamo concludere che non \u00e8 servito a far diminuire la violenza contro le donne. Anzi.<\/p>\n<p>Quindi domanda analoga si pone anche per il ddl Zan: siamo convinti che introducendolo diminuirebbe la violenza, verbale e non, contro i gay?<\/p>\n<p>Penso che i comportamenti civili, tolleranti, non violenti, sia difficile indurli per via legislativa. Credo conti molto di pi\u00f9 l\u2019educazione e l\u2019esempio<\/p>\n<p>Di esempi ne faccio uno. Quelle coppie che iniziano a litigare davanti ai figli; e poi li usano come armi da guerra in tribunale per separazioni e divorzi. Queste coppie educano i loro figli ad essere civili e tolleranti, o ad essere aggressivi e violenti?<\/p>\n<p>&nbsp;<\/p>\n","protected":false},"excerpt":{"rendered":"<p>&nbsp; Tra i nuovi provvedimenti del governo c\u2019\u00e8 la possibilit\u00e0 di tornare a fare i banchetti matrimoniali col green pass. Giusto dare una possibilit\u00e0 di tornare a lavorare a chi organizza banchetti. Ma arduo credere che ci sar\u00e0 un boom di nozze. I matrimoni religiosi sono praticamente estinti, quelli civili in caduta libera; e non&#8230;  <a class=\"excerpt-read-more\" href=\"https:\/\/blog.telenuovo.it\/mario-zwirner\/2021\/05\/18\/col-green-pass-boom-di-nozze\/\" title=\"Read COL GREEN PASS BOOM DI NOZZE\">Leggi tutto &raquo;<\/a><\/p>\n","protected":false},"author":3,"featured_media":0,"comment_status":"open","ping_status":"open","sticky":false,"template":"","format":"standard","meta":[],"categories":[1],"tags":[],"_links":{"self":[{"href":"https:\/\/blog.telenuovo.it\/mario-zwirner\/wp-json\/wp\/v2\/posts\/2342"}],"collection":[{"href":"https:\/\/blog.telenuovo.it\/mario-zwirner\/wp-json\/wp\/v2\/posts"}],"about":[{"href":"https:\/\/blog.telenuovo.it\/mario-zwirner\/wp-json\/wp\/v2\/types\/post"}],"author":[{"embeddable":true,"href":"https:\/\/blog.telenuovo.it\/mario-zwirner\/wp-json\/wp\/v2\/users\/3"}],"replies":[{"embeddable":true,"href":"https:\/\/blog.telenuovo.it\/mario-zwirner\/wp-json\/wp\/v2\/comments?post=2342"}],"version-history":[{"count":1,"href":"https:\/\/blog.telenuovo.it\/mario-zwirner\/wp-json\/wp\/v2\/posts\/2342\/revisions"}],"predecessor-version":[{"id":2343,"href":"https:\/\/blog.telenuovo.it\/mario-zwirner\/wp-json\/wp\/v2\/posts\/2342\/revisions\/2343"}],"wp:attachment":[{"href":"https:\/\/blog.telenuovo.it\/mario-zwirner\/wp-json\/wp\/v2\/media?parent=2342"}],"wp:term":[{"taxonomy":"category","embeddable":true,"href":"https:\/\/blog.telenuovo.it\/mario-zwirner\/wp-json\/wp\/v2\/categories?post=2342"},{"taxonomy":"post_tag","embeddable":true,"href":"https:\/\/blog.telenuovo.it\/mario-zwirner\/wp-json\/wp\/v2\/tags?post=2342"}],"curies":[{"name":"wp","href":"https:\/\/api.w.org\/{rel}","templated":true}]}}