{"id":2400,"date":"2021-09-08T12:49:00","date_gmt":"2021-09-08T10:49:00","guid":{"rendered":"https:\/\/blog.telenuovo.it\/mario-zwirner\/?p=2400"},"modified":"2021-09-08T12:49:00","modified_gmt":"2021-09-08T10:49:00","slug":"un-milione-di-firme-per-leutanasia","status":"publish","type":"post","link":"https:\/\/blog.telenuovo.it\/mario-zwirner\/2021\/09\/08\/un-milione-di-firme-per-leutanasia\/","title":{"rendered":"UN MILIONE DI FIRME PER L&#8217;EUTANASIA"},"content":{"rendered":"<p>&nbsp;<\/p>\n<p>Giorgio Pasetto, storico radicale veronese, comunica che ha raggiunto il milione la raccolta firme per il referendum promosso dal suo partito per la legalizzazione dell\u2019eutanasia.<\/p>\n<p>Personalmente la novit\u00e0 non mi entusiasma, ma ci sono dei cambiamenti epocali \u2013 di cultura, di costume \u2013 che piacciano o no sono inevitabili e quindi non resta che prenderne atto.<\/p>\n<p>Se ci pensate i cosiddetti diritti individuali &#8211; \u00a0dal divorzio all\u2019aborto \u2013 hanno trovato sempre pi\u00f9 consensi tra i cittadini di tutto l\u2019Occidente.<\/p>\n<p>Qui l\u2019unico dubbio \u00e8: saranno l\u201980% i cittadini che si esprimeranno a favore del referendum sulla legalizzazione dell\u2019eutanasia o saranno di pi\u00f9?<\/p>\n<p>Il passato non ritorna. Nell\u2019inno nazionale cantavamo, e ancora lo cantano ormai solo i calciatori: \u201cSiam pronti alla morte, siam pronti alla morte l\u2019Italia chiam\u00f2!\u201d. L\u2019idea era che la tua vita apparteneva alla Patria, allo Stato, che poteva decidere di mandarti a combattere e anche a morire. Se pensavi di disertare ti ammazzavano i carabinieri. Poi lo Stato non ha pi\u00f9 potuto mandarti nemmeno a fare il servizio militare perch\u00e9 \u00e8 arrivato il diritto all\u2019obiezione di coscienza\u2026<\/p>\n<p>Cos\u00ec per la Chiesa la vita del fedele apparteneva a Dio che decideva lui anche di farti martire. Oggi Papa Francesco ha lanciato un appello con anglicani e ortodossi per la difesa del clima e dell\u2019ambiente. Penso si sia convinto che quella contro la desertificazione delle chiese e la diserzione dei fedeli cattolici \u00e8 ormai un\u2019impresa impossibile\u2026Tanto vale dedicarsi a contrastare, non l\u2019indifferenza religiosa, ma il riscaldamento globale.<\/p>\n<p>Oggi il credo \u00e8: \u201cLa vita \u00e8 mia e ne faccio quel che voglio io, e decido io anche quando e se interromperla\u201d<\/p>\n<p>Sar\u00e0 anche il declino della nostra civilt\u00e0, personalmente ho questa impressione che, naturalmente, pu\u00f2 non essere condivisa. Ma mi domando quando mai il declino di una qualunque civilt\u00e0 \u2013 greca, romana, atzeca, etc. \u2013 quando mai \u00e8 stato possibile arrestarlo? \u00a0Mai sono tutte morte le grandi storiche civilt\u00e0.<\/p>\n<p>Oggi \u00e8 emblematico che, di fronte all\u2019imminente morte della civilt\u00e0 occidentale, arrivi l\u2019eutanasia. Perch\u00e9 come sappiamo, o dovremmo sapere: nomina sunt consequentia rerum\u2026<\/p>\n<p>&nbsp;<\/p>\n","protected":false},"excerpt":{"rendered":"<p>&nbsp; Giorgio Pasetto, storico radicale veronese, comunica che ha raggiunto il milione la raccolta firme per il referendum promosso dal suo partito per la legalizzazione dell\u2019eutanasia. Personalmente la novit\u00e0 non mi entusiasma, ma ci sono dei cambiamenti epocali \u2013 di cultura, di costume \u2013 che piacciano o no sono inevitabili e quindi non resta che&#8230;  <a class=\"excerpt-read-more\" href=\"https:\/\/blog.telenuovo.it\/mario-zwirner\/2021\/09\/08\/un-milione-di-firme-per-leutanasia\/\" title=\"Read UN MILIONE DI FIRME PER L&#8217;EUTANASIA\">Leggi tutto &raquo;<\/a><\/p>\n","protected":false},"author":3,"featured_media":0,"comment_status":"open","ping_status":"open","sticky":false,"template":"","format":"standard","meta":[],"categories":[1],"tags":[],"_links":{"self":[{"href":"https:\/\/blog.telenuovo.it\/mario-zwirner\/wp-json\/wp\/v2\/posts\/2400"}],"collection":[{"href":"https:\/\/blog.telenuovo.it\/mario-zwirner\/wp-json\/wp\/v2\/posts"}],"about":[{"href":"https:\/\/blog.telenuovo.it\/mario-zwirner\/wp-json\/wp\/v2\/types\/post"}],"author":[{"embeddable":true,"href":"https:\/\/blog.telenuovo.it\/mario-zwirner\/wp-json\/wp\/v2\/users\/3"}],"replies":[{"embeddable":true,"href":"https:\/\/blog.telenuovo.it\/mario-zwirner\/wp-json\/wp\/v2\/comments?post=2400"}],"version-history":[{"count":1,"href":"https:\/\/blog.telenuovo.it\/mario-zwirner\/wp-json\/wp\/v2\/posts\/2400\/revisions"}],"predecessor-version":[{"id":2401,"href":"https:\/\/blog.telenuovo.it\/mario-zwirner\/wp-json\/wp\/v2\/posts\/2400\/revisions\/2401"}],"wp:attachment":[{"href":"https:\/\/blog.telenuovo.it\/mario-zwirner\/wp-json\/wp\/v2\/media?parent=2400"}],"wp:term":[{"taxonomy":"category","embeddable":true,"href":"https:\/\/blog.telenuovo.it\/mario-zwirner\/wp-json\/wp\/v2\/categories?post=2400"},{"taxonomy":"post_tag","embeddable":true,"href":"https:\/\/blog.telenuovo.it\/mario-zwirner\/wp-json\/wp\/v2\/tags?post=2400"}],"curies":[{"name":"wp","href":"https:\/\/api.w.org\/{rel}","templated":true}]}}