{"id":2423,"date":"2021-11-08T11:44:33","date_gmt":"2021-11-08T10:44:33","guid":{"rendered":"http:\/\/blog.telenuovo.it\/mario-zwirner\/2021\/11\/08\/no-vax-figli-del-sessantotto\/"},"modified":"2021-11-08T11:44:33","modified_gmt":"2021-11-08T10:44:33","slug":"no-vax-figli-del-sessantotto","status":"publish","type":"post","link":"https:\/\/blog.telenuovo.it\/mario-zwirner\/2021\/11\/08\/no-vax-figli-del-sessantotto\/","title":{"rendered":"NO VAX FIGLI DEL SESSANTOTTO"},"content":{"rendered":"<p>Si pu\u00f2 essere sconcertati, sdegnati, per questa manifestazioni dei no green pass, che poi sono manifestazioni no-vax. Come avrete saputo sono arrivati anche ad aggredire una nostra troupe guidata dalla collega Marzia Pretolani.<\/p>\n<p>Ma, in ogni caso, bisogna interrogarsi, sull\u2019origine che \u00e8 chiara: questi sono i figli del Sessantotto. Ci meravigliamo che non ascoltino gli scienziati? Noi sessantottini, confesso che c\u2019ero anch\u2019io, non ascoltavamo i professori: volevamo decidere noi cosa e come andava insegnato a scuola.<\/p>\n<p>Abbiamo occupato le universit\u00e0 per ottenere il voto politico agli esami, a prescindere dal conoscere le materie. Voto politico che fu il preludio all\u2019attuale tutti promossi. Il nome corretto oggi non \u00e8 pubblica istruzione, ma pubblica distruzione di ogni cultura, di ogni merito.<\/p>\n<p>Una volta le famiglie mandavano i figli a ripetizioni private dai professori, perch\u00e9 c\u2019era il rischio concreto della bocciatura. Oggi le ripetizioni private non esistono pi\u00f9 perch\u00e9 la parola d\u2018ordine \u00e8 diventata appunto il tutti promossi.<\/p>\n<p>Ne deriva il crollo delle professionalit\u00e0 a tutti i livelli.<\/p>\n<p>Perch\u00e9 le vaste e ripetute manifestazioni no-vax non ci sono negli altri Paesi europei? Perch\u00e9 in nessun altro Paese il Sessantotto dur\u00f2 anni come da noi.<\/p>\n<p>Si pu\u00f2 uscirne, si possono rieducare i no-vax? Sarebbe come credere che \u00e8 possibile una rieducazione, il ritorno della pubblica istruzione, dopo i danni irreparabili del Sessantotto nostrano.<\/p>\n","protected":false},"excerpt":{"rendered":"<p>Si pu\u00f2 essere sconcertati, sdegnati, per questa manifestazioni dei no green pass, che poi sono manifestazioni no-vax. Come avrete saputo sono arrivati anche ad aggredire una nostra troupe guidata dalla collega Marzia Pretolani. Ma, in ogni caso, bisogna interrogarsi, sull\u2019origine che \u00e8 chiara: questi sono i figli del Sessantotto. Ci meravigliamo che non ascoltino gli&#8230;  <a class=\"excerpt-read-more\" href=\"https:\/\/blog.telenuovo.it\/mario-zwirner\/2021\/11\/08\/no-vax-figli-del-sessantotto\/\" title=\"Read NO VAX FIGLI DEL SESSANTOTTO\">Leggi tutto &raquo;<\/a><\/p>\n","protected":false},"author":3,"featured_media":0,"comment_status":"open","ping_status":"open","sticky":false,"template":"","format":"standard","meta":[],"categories":[1],"tags":[],"_links":{"self":[{"href":"https:\/\/blog.telenuovo.it\/mario-zwirner\/wp-json\/wp\/v2\/posts\/2423"}],"collection":[{"href":"https:\/\/blog.telenuovo.it\/mario-zwirner\/wp-json\/wp\/v2\/posts"}],"about":[{"href":"https:\/\/blog.telenuovo.it\/mario-zwirner\/wp-json\/wp\/v2\/types\/post"}],"author":[{"embeddable":true,"href":"https:\/\/blog.telenuovo.it\/mario-zwirner\/wp-json\/wp\/v2\/users\/3"}],"replies":[{"embeddable":true,"href":"https:\/\/blog.telenuovo.it\/mario-zwirner\/wp-json\/wp\/v2\/comments?post=2423"}],"version-history":[{"count":0,"href":"https:\/\/blog.telenuovo.it\/mario-zwirner\/wp-json\/wp\/v2\/posts\/2423\/revisions"}],"wp:attachment":[{"href":"https:\/\/blog.telenuovo.it\/mario-zwirner\/wp-json\/wp\/v2\/media?parent=2423"}],"wp:term":[{"taxonomy":"category","embeddable":true,"href":"https:\/\/blog.telenuovo.it\/mario-zwirner\/wp-json\/wp\/v2\/categories?post=2423"},{"taxonomy":"post_tag","embeddable":true,"href":"https:\/\/blog.telenuovo.it\/mario-zwirner\/wp-json\/wp\/v2\/tags?post=2423"}],"curies":[{"name":"wp","href":"https:\/\/api.w.org\/{rel}","templated":true}]}}