{"id":2435,"date":"2022-07-02T09:09:43","date_gmt":"2022-07-02T07:09:43","guid":{"rendered":"http:\/\/blog.telenuovo.it\/mario-zwirner\/2022\/07\/02\/giorgio-gaber-su-destra-e-sinistra\/"},"modified":"2022-07-02T09:09:43","modified_gmt":"2022-07-02T07:09:43","slug":"giorgio-gaber-su-destra-e-sinistra","status":"publish","type":"post","link":"https:\/\/blog.telenuovo.it\/mario-zwirner\/2022\/07\/02\/giorgio-gaber-su-destra-e-sinistra\/","title":{"rendered":"GIORGIO GABER SU DESTRA E SINISTRA"},"content":{"rendered":"<p>La Cei \u00e8 stata velocissima: essendo stato eletto a Verona un sindaco di sinistra, ha nominato anche un vescovo di sinistra al posto del reazionario mons. Zenti che aveva invitato a non votare Tommasi.<\/p>\n<p>Ma Damiano Tommasi \u00e8 di sinistra? E Federico Sboarina invece di destra? Tanti anni fa in una canzone indimenticabile il grande Giorgio Gaber ricordava che, l\u2019unica differenza, \u00e8 che quelli di sinistra fanno la doccia mentre quelli di destra si lavano in vasca\u2026<\/p>\n<p>Arduo definire di sinistra anche il sindaco di Padova Sergio Giordani. Alla prima conferenza stampa dopo la rielezione ha proclamato: \u201cIn questa citt\u00e0 c\u2019\u00e8 un solo partito, si chiama Padova!\u201d. Era in sala giunta ma lo immaginavo anche affacciato al mitico balcone di Palazzo Venezia dichiarare: \u201cIn questo Paese c\u2019\u00e8 un unico partito, si chiama Italia!\u201d\u2026<\/p>\n<p>La differenza tra destra e sinistra \u00e8 cos\u00ec evidente che sul tema pi\u00f9 critico di tutti, l\u2019appartenenza dell\u2019Italia alla Nato, che significa obbedienza a qualunque direttiva arrivi dagli Stati Uniti, Giorgia Meloni ed Enrico Letta la pensano allo stesso modo: entusiasti di esserci nella Nato sperando anzi che si allarghi ancora\u2026<\/p>\n<p>Osassero dire come un tempo \u201cyankee go home!\u201d, verrebbero definiti putiniani. Ma anche Putin \u00e8 un nazista o un comunista? E qui torniamo a Gaber: si tratta di vedere se Vladimir, Giorgia ed Enrico si lavano in doccia o in vasca\u2026<\/p>\n<p>Altroch\u00e9 destra e sinistra. Ognuno pensa a farsi gli affari o gli affaracci suoi\u2026<\/p>\n","protected":false},"excerpt":{"rendered":"<p>La Cei \u00e8 stata velocissima: essendo stato eletto a Verona un sindaco di sinistra, ha nominato anche un vescovo di sinistra al posto del reazionario mons. Zenti che aveva invitato a non votare Tommasi. Ma Damiano Tommasi \u00e8 di sinistra? E Federico Sboarina invece di destra? Tanti anni fa in una canzone indimenticabile il grande&#8230;  <a class=\"excerpt-read-more\" href=\"https:\/\/blog.telenuovo.it\/mario-zwirner\/2022\/07\/02\/giorgio-gaber-su-destra-e-sinistra\/\" title=\"Read GIORGIO GABER SU DESTRA E SINISTRA\">Leggi tutto &raquo;<\/a><\/p>\n","protected":false},"author":3,"featured_media":0,"comment_status":"open","ping_status":"open","sticky":false,"template":"","format":"standard","meta":[],"categories":[1],"tags":[],"_links":{"self":[{"href":"https:\/\/blog.telenuovo.it\/mario-zwirner\/wp-json\/wp\/v2\/posts\/2435"}],"collection":[{"href":"https:\/\/blog.telenuovo.it\/mario-zwirner\/wp-json\/wp\/v2\/posts"}],"about":[{"href":"https:\/\/blog.telenuovo.it\/mario-zwirner\/wp-json\/wp\/v2\/types\/post"}],"author":[{"embeddable":true,"href":"https:\/\/blog.telenuovo.it\/mario-zwirner\/wp-json\/wp\/v2\/users\/3"}],"replies":[{"embeddable":true,"href":"https:\/\/blog.telenuovo.it\/mario-zwirner\/wp-json\/wp\/v2\/comments?post=2435"}],"version-history":[{"count":0,"href":"https:\/\/blog.telenuovo.it\/mario-zwirner\/wp-json\/wp\/v2\/posts\/2435\/revisions"}],"wp:attachment":[{"href":"https:\/\/blog.telenuovo.it\/mario-zwirner\/wp-json\/wp\/v2\/media?parent=2435"}],"wp:term":[{"taxonomy":"category","embeddable":true,"href":"https:\/\/blog.telenuovo.it\/mario-zwirner\/wp-json\/wp\/v2\/categories?post=2435"},{"taxonomy":"post_tag","embeddable":true,"href":"https:\/\/blog.telenuovo.it\/mario-zwirner\/wp-json\/wp\/v2\/tags?post=2435"}],"curies":[{"name":"wp","href":"https:\/\/api.w.org\/{rel}","templated":true}]}}