{"id":2437,"date":"2022-09-13T10:40:52","date_gmt":"2022-09-13T08:40:52","guid":{"rendered":"http:\/\/blog.telenuovo.it\/mario-zwirner\/2022\/09\/13\/leuropa-che-non-ce\/"},"modified":"2022-09-13T10:40:52","modified_gmt":"2022-09-13T08:40:52","slug":"leuropa-che-non-ce","status":"publish","type":"post","link":"https:\/\/blog.telenuovo.it\/mario-zwirner\/2022\/09\/13\/leuropa-che-non-ce\/","title":{"rendered":"L\u2019EUROPA CHE NON C\u2019E\u2019"},"content":{"rendered":"<p>Non \u00e8 certo una buona notizia, anzi \u00e8 una tragedia nella tragedia questa Unione europea che ha confermato di non esserci, di non riuscire ad intervenire sulle questioni cruciali come il tetto al prezzo dell\u2019energia.<\/p>\n<p>Mai come adesso avremmo bisogno di un Europa forte e unita che sappia farsi valere tra i due colossi asiatico e americano. Ma le fondamenta sono mancate fin dall\u2019inizio partendo dall\u2019unione economica e non dall\u2019unione politica che avrebbe garantito un governo europeo in grado di decidere e non ostaggio, come avviene, del veto di uno qualunque dei 27 Paesi membri.<\/p>\n<p>Nemmeno sul tetto ai consumi riesce ad imporre una decisione comune, ma solo una vaga raccomandazione sapendo che poi ogni Paese far\u00e0 ci\u00f2 che vuole sulla riduzione energetica. Che poi \u00e8 una follia: come dire che, se mancano i prodotti alimentari, devi metterti a dieta e cercare di non morire di fame\u2026<\/p>\n<p>I sogni non vanno scambiati con la realt\u00e0. Purtroppo l\u2019Unione europea oggi \u00e8 il nulla. Senza aggiungere che non esiste nemmeno l\u2019unit\u00e0 d\u2019Italia che porrebbe fine alle vergognose differenza sociali tra chi lavora e chi pu\u00f2 permettersi di vivere con il reddito di cittadinanza\u2026<\/p>\n<p>Chi si definisce europeista convinto e crede in questa Unione inesistente, dovrebbe aggiungere di essere anche un sostenitore convinto dell\u2019evasione fiscale: con il paradiso del Lussemburgo, con l\u2019Olanda dove la Fiat\u00a0 &#8211; dopo decenni di elargizioni di denaro pubblico italiano \u2013 ha pensato bene di trasferire la propria sede per non pagare pi\u00f9 nemmeno le tasse nel nostro Paese.<\/p>\n<p>Nella tragedia mi permetto di concludere con una battuta. Che i successori di Gianni Agnelli trasferiscano ad Amsterdam anche la Juventus, che magari il Var in Olanda funziona meglio\u2026<\/p>\n","protected":false},"excerpt":{"rendered":"<p>Non \u00e8 certo una buona notizia, anzi \u00e8 una tragedia nella tragedia questa Unione europea che ha confermato di non esserci, di non riuscire ad intervenire sulle questioni cruciali come il tetto al prezzo dell\u2019energia. Mai come adesso avremmo bisogno di un Europa forte e unita che sappia farsi valere tra i due colossi asiatico&#8230;  <a class=\"excerpt-read-more\" href=\"https:\/\/blog.telenuovo.it\/mario-zwirner\/2022\/09\/13\/leuropa-che-non-ce\/\" title=\"Read L\u2019EUROPA CHE NON C\u2019E\u2019\">Leggi tutto &raquo;<\/a><\/p>\n","protected":false},"author":3,"featured_media":0,"comment_status":"open","ping_status":"open","sticky":false,"template":"","format":"standard","meta":[],"categories":[1],"tags":[],"_links":{"self":[{"href":"https:\/\/blog.telenuovo.it\/mario-zwirner\/wp-json\/wp\/v2\/posts\/2437"}],"collection":[{"href":"https:\/\/blog.telenuovo.it\/mario-zwirner\/wp-json\/wp\/v2\/posts"}],"about":[{"href":"https:\/\/blog.telenuovo.it\/mario-zwirner\/wp-json\/wp\/v2\/types\/post"}],"author":[{"embeddable":true,"href":"https:\/\/blog.telenuovo.it\/mario-zwirner\/wp-json\/wp\/v2\/users\/3"}],"replies":[{"embeddable":true,"href":"https:\/\/blog.telenuovo.it\/mario-zwirner\/wp-json\/wp\/v2\/comments?post=2437"}],"version-history":[{"count":0,"href":"https:\/\/blog.telenuovo.it\/mario-zwirner\/wp-json\/wp\/v2\/posts\/2437\/revisions"}],"wp:attachment":[{"href":"https:\/\/blog.telenuovo.it\/mario-zwirner\/wp-json\/wp\/v2\/media?parent=2437"}],"wp:term":[{"taxonomy":"category","embeddable":true,"href":"https:\/\/blog.telenuovo.it\/mario-zwirner\/wp-json\/wp\/v2\/categories?post=2437"},{"taxonomy":"post_tag","embeddable":true,"href":"https:\/\/blog.telenuovo.it\/mario-zwirner\/wp-json\/wp\/v2\/tags?post=2437"}],"curies":[{"name":"wp","href":"https:\/\/api.w.org\/{rel}","templated":true}]}}