{"id":2448,"date":"2023-10-31T10:08:15","date_gmt":"2023-10-31T09:08:15","guid":{"rendered":"http:\/\/blog.telenuovo.it\/mario-zwirner\/2023\/10\/31\/premierato-si-autonomia-ni\/"},"modified":"2023-10-31T10:08:15","modified_gmt":"2023-10-31T09:08:15","slug":"premierato-si-autonomia-ni","status":"publish","type":"post","link":"https:\/\/blog.telenuovo.it\/mario-zwirner\/2023\/10\/31\/premierato-si-autonomia-ni\/","title":{"rendered":"PREMIERATO S\u00ec, AUTONOMIA NI\u2026"},"content":{"rendered":"<p><b>Giorgia Meloni \u00e8 decisa an andare avanti col premierato, con l\u2019elezione diretta del capo del governo. Il che implica dare pi\u00f9 potere all&#8217;eletto dai cittadini e invece toglierne all&#8217;eletto dai parlamentari, cio\u00e8 al presidente della Repubblica.<\/b><\/p>\n<p><strong>Che lui, il presidente della Repubblica, non scelto dagli elettori, abbia troppi poteri mi pare evidente. Sceglie il premier, avvalla la scelta dei ministri, qualunque provvedimento del governo, compresa ora la manovra, prima di andare al voto delle camere ha bisogno del suo benestare.<\/strong><\/p>\n<p><strong>Cambierebbe molto con l\u2019elezione diretta del premier: un governo con pi\u00f9 poteri reali.<\/strong><\/p>\n<p><strong>Se il premierato sembra procedere nella volont\u00e0 di Meloni di andare a quella che lei chiama la \u201cTerza Repubblica\u201d, l\u2019autonomia invece sembra in stallo, quasi non se ne parla pi\u00f9.<\/strong><\/p>\n<p><strong>C\u2019\u00e8 l\u2019ostilit\u00e0 di tutte le regioni del sud. Che mi pare comprensibile: gi\u00e0 il nostro Paese \u00e8 radicalmente diviso tra Nord e Sud, con l\u2019autonomia si accentuerebbe ulteriormente la divisione\u2026<\/strong><\/p>\n<p><strong>Alla fine la soluzione all\u2019italiana c\u2019\u00e8: alla Lega daranno un autonomicchia\u2026<\/strong><\/p>\n","protected":false},"excerpt":{"rendered":"<p>Giorgia Meloni \u00e8 decisa an andare avanti col premierato, con l\u2019elezione diretta del capo del governo. Il che implica dare pi\u00f9 potere all&#8217;eletto dai cittadini e invece toglierne all&#8217;eletto dai parlamentari, cio\u00e8 al presidente della Repubblica. Che lui, il presidente della Repubblica, non scelto dagli elettori, abbia troppi poteri mi pare evidente. Sceglie il premier,&#8230;  <a class=\"excerpt-read-more\" href=\"https:\/\/blog.telenuovo.it\/mario-zwirner\/2023\/10\/31\/premierato-si-autonomia-ni\/\" title=\"Read PREMIERATO S\u00ec, AUTONOMIA NI\u2026\">Leggi tutto &raquo;<\/a><\/p>\n","protected":false},"author":3,"featured_media":0,"comment_status":"open","ping_status":"open","sticky":false,"template":"","format":"standard","meta":[],"categories":[1],"tags":[],"_links":{"self":[{"href":"https:\/\/blog.telenuovo.it\/mario-zwirner\/wp-json\/wp\/v2\/posts\/2448"}],"collection":[{"href":"https:\/\/blog.telenuovo.it\/mario-zwirner\/wp-json\/wp\/v2\/posts"}],"about":[{"href":"https:\/\/blog.telenuovo.it\/mario-zwirner\/wp-json\/wp\/v2\/types\/post"}],"author":[{"embeddable":true,"href":"https:\/\/blog.telenuovo.it\/mario-zwirner\/wp-json\/wp\/v2\/users\/3"}],"replies":[{"embeddable":true,"href":"https:\/\/blog.telenuovo.it\/mario-zwirner\/wp-json\/wp\/v2\/comments?post=2448"}],"version-history":[{"count":0,"href":"https:\/\/blog.telenuovo.it\/mario-zwirner\/wp-json\/wp\/v2\/posts\/2448\/revisions"}],"wp:attachment":[{"href":"https:\/\/blog.telenuovo.it\/mario-zwirner\/wp-json\/wp\/v2\/media?parent=2448"}],"wp:term":[{"taxonomy":"category","embeddable":true,"href":"https:\/\/blog.telenuovo.it\/mario-zwirner\/wp-json\/wp\/v2\/categories?post=2448"},{"taxonomy":"post_tag","embeddable":true,"href":"https:\/\/blog.telenuovo.it\/mario-zwirner\/wp-json\/wp\/v2\/tags?post=2448"}],"curies":[{"name":"wp","href":"https:\/\/api.w.org\/{rel}","templated":true}]}}