{"id":2464,"date":"2024-02-06T10:35:08","date_gmt":"2024-02-06T09:35:08","guid":{"rendered":"http:\/\/blog.telenuovo.it\/mario-zwirner\/2024\/02\/06\/preside-aggredito-da-genitori\/"},"modified":"2024-02-06T10:35:08","modified_gmt":"2024-02-06T09:35:08","slug":"preside-aggredito-da-genitori","status":"publish","type":"post","link":"https:\/\/blog.telenuovo.it\/mario-zwirner\/2024\/02\/06\/preside-aggredito-da-genitori\/","title":{"rendered":"PRESIDE AGGREDITO DA GENITORI"},"content":{"rendered":"<p><strong>E\u2019 sempre pi\u00f9 drammatica e preoccupante la situazione delle scuole.<\/strong><\/p>\n<p><strong>Ultima notizia: una insegnante accoltellata da studente minorenne. Poi il preside aggredito dai genitori.<\/strong><\/p>\n<p><strong>Non c\u2019\u00e8 un serio confronto culturale e politico su un tema tanto pregnante. Forse perch\u00e9 si sa di non poterci fare nulla.<\/strong><\/p>\n<p><strong>Vengo da una famiglia di insegnanti, sia mio padre che mia madre; per gli insegnanti c\u2019era il massimo rispetto. Se un figlio veniva sanzionato non si sognavano di aggredire gli insegnanti e nemmeno di criticarli. Erano d\u2019accordo e anzi aumentavano le sanzioni contro il figlio maleducato.<\/strong><\/p>\n<p><strong>Oggi il mondo \u00e8 cambiato. E\u2019 alla rovescia. Sar\u00e0 colpa dei social dove tanti sono convinti di sapere tutto, come si insegna come si cura come si fa l\u2019avvocato.<\/strong><\/p>\n<p><strong>Ma, come ha giustamente sottolineato il prefetto di Padova, la scuola pu\u00f2 fare poco niente, la prima responsabilit\u00e0 \u00e8 dei genitori che lasciano fare di tutto ai figli anche minorenni: uscire di sera, girare armati, stuprare e non solo\u2026<\/strong><\/p>\n<p><strong>Allora penso che \u00e8 giusta l\u2019autocritica di chi si dedica al cane consapevole di non avere le doti e l\u2019impegno costante che richiede fare il genitore.<\/strong><\/p>\n<p><strong>C\u2019\u00e8 una soluzione? No, non c\u2019\u00e8. Siamo completamente allo sbando. Non pu\u00f2 che peggiorare tutto.<\/strong><\/p>\n","protected":false},"excerpt":{"rendered":"<p>E\u2019 sempre pi\u00f9 drammatica e preoccupante la situazione delle scuole. Ultima notizia: una insegnante accoltellata da studente minorenne. Poi il preside aggredito dai genitori. Non c\u2019\u00e8 un serio confronto culturale e politico su un tema tanto pregnante. Forse perch\u00e9 si sa di non poterci fare nulla. Vengo da una famiglia di insegnanti, sia mio padre&#8230;  <a class=\"excerpt-read-more\" href=\"https:\/\/blog.telenuovo.it\/mario-zwirner\/2024\/02\/06\/preside-aggredito-da-genitori\/\" title=\"Read PRESIDE AGGREDITO DA GENITORI\">Leggi tutto &raquo;<\/a><\/p>\n","protected":false},"author":3,"featured_media":0,"comment_status":"open","ping_status":"open","sticky":false,"template":"","format":"standard","meta":[],"categories":[1],"tags":[],"_links":{"self":[{"href":"https:\/\/blog.telenuovo.it\/mario-zwirner\/wp-json\/wp\/v2\/posts\/2464"}],"collection":[{"href":"https:\/\/blog.telenuovo.it\/mario-zwirner\/wp-json\/wp\/v2\/posts"}],"about":[{"href":"https:\/\/blog.telenuovo.it\/mario-zwirner\/wp-json\/wp\/v2\/types\/post"}],"author":[{"embeddable":true,"href":"https:\/\/blog.telenuovo.it\/mario-zwirner\/wp-json\/wp\/v2\/users\/3"}],"replies":[{"embeddable":true,"href":"https:\/\/blog.telenuovo.it\/mario-zwirner\/wp-json\/wp\/v2\/comments?post=2464"}],"version-history":[{"count":0,"href":"https:\/\/blog.telenuovo.it\/mario-zwirner\/wp-json\/wp\/v2\/posts\/2464\/revisions"}],"wp:attachment":[{"href":"https:\/\/blog.telenuovo.it\/mario-zwirner\/wp-json\/wp\/v2\/media?parent=2464"}],"wp:term":[{"taxonomy":"category","embeddable":true,"href":"https:\/\/blog.telenuovo.it\/mario-zwirner\/wp-json\/wp\/v2\/categories?post=2464"},{"taxonomy":"post_tag","embeddable":true,"href":"https:\/\/blog.telenuovo.it\/mario-zwirner\/wp-json\/wp\/v2\/tags?post=2464"}],"curies":[{"name":"wp","href":"https:\/\/api.w.org\/{rel}","templated":true}]}}