{"id":2507,"date":"2024-06-03T11:04:26","date_gmt":"2024-06-03T09:04:26","guid":{"rendered":"http:\/\/blog.telenuovo.it\/mario-zwirner\/2024\/06\/03\/un-referendum-tutto-nostro\/"},"modified":"2024-06-03T11:05:20","modified_gmt":"2024-06-03T09:05:20","slug":"un-referendum-tutto-nostro","status":"publish","type":"post","link":"https:\/\/blog.telenuovo.it\/mario-zwirner\/2024\/06\/03\/un-referendum-tutto-nostro\/","title":{"rendered":"UN REFERENDUM TUTTO NOSTRO"},"content":{"rendered":"<p>Il voto europeo sar\u00e0 certamente un referendum, come ha detto la Meloni, ma pensare che sia un referendum per cambiare l\u2019Europa \u00e8 pia illusione.<\/p>\n<p>Sar\u00e0 un referendum tutto nostro, cio\u00e8 sul voto italiano. Referendum tra Meloni e la Schlein, referendum anche tra Lega e Forza Italia. Per gli altri la scommessa di arrivare al 4% per entrare nel consiglio europeo.<\/p>\n<p>Ma pensare che servir\u00e0 a decidere un\u2019Europa pi\u00f9 attenta ai singoli stati \u00e8 appunto pi\u00f9 illusione. Certo che servirebbe un Europa davvero federalista. Basti pensare all\u2019enorme differenza che esiste tra i Paesi del Nord Europa e quelli mediterranei (appena dimostrato con le normative sulle case green).<\/p>\n<p>Ma purtroppo l\u2019Europa rester\u00e0 centralista come \u00e8 sempre stata da decenni.<\/p>\n<p>Inutile invocare l\u2019esempio degli Stati Uniti americani, dove si decide diversamente su ogni singolo stato e poi c\u2019\u00e8 la politica estera comune.<\/p>\n<p>Da noi la politica estera comune \u00e8 impedita dalla storia: millenni di guerre e differenze tra i singoli stati che tuttora risultano insuperabili.<\/p>\n<p>Quindi prepariamoci a votare per il nostro referendum. Perch\u00e9, come dice giustamente lo spot istituzionale, se non decidiamo noi decidono gli altri.<\/p>\n<p>E poi attenti alle preferenze perch\u00e9, con le nuove regole, c\u2019\u00e8 il rischio di invalidare i voti.<\/p>\n<p>Comunque sabato e domenica prossimi speriamo che siano tanti italiani ad andare alle urne.<\/p>\n","protected":false},"excerpt":{"rendered":"<p>Il voto europeo sar\u00e0 certamente un referendum, come ha detto la Meloni, ma pensare che sia un referendum per cambiare l\u2019Europa \u00e8 pia illusione. Sar\u00e0 un referendum tutto nostro, cio\u00e8 sul voto italiano. Referendum tra Meloni e la Schlein, referendum anche tra Lega e Forza Italia. Per gli altri la scommessa di arrivare al 4%&#8230;  <a class=\"excerpt-read-more\" href=\"https:\/\/blog.telenuovo.it\/mario-zwirner\/2024\/06\/03\/un-referendum-tutto-nostro\/\" title=\"Read UN REFERENDUM TUTTO NOSTRO\">Leggi tutto &raquo;<\/a><\/p>\n","protected":false},"author":3,"featured_media":0,"comment_status":"open","ping_status":"open","sticky":false,"template":"","format":"standard","meta":[],"categories":[1],"tags":[],"_links":{"self":[{"href":"https:\/\/blog.telenuovo.it\/mario-zwirner\/wp-json\/wp\/v2\/posts\/2507"}],"collection":[{"href":"https:\/\/blog.telenuovo.it\/mario-zwirner\/wp-json\/wp\/v2\/posts"}],"about":[{"href":"https:\/\/blog.telenuovo.it\/mario-zwirner\/wp-json\/wp\/v2\/types\/post"}],"author":[{"embeddable":true,"href":"https:\/\/blog.telenuovo.it\/mario-zwirner\/wp-json\/wp\/v2\/users\/3"}],"replies":[{"embeddable":true,"href":"https:\/\/blog.telenuovo.it\/mario-zwirner\/wp-json\/wp\/v2\/comments?post=2507"}],"version-history":[{"count":1,"href":"https:\/\/blog.telenuovo.it\/mario-zwirner\/wp-json\/wp\/v2\/posts\/2507\/revisions"}],"predecessor-version":[{"id":2510,"href":"https:\/\/blog.telenuovo.it\/mario-zwirner\/wp-json\/wp\/v2\/posts\/2507\/revisions\/2510"}],"wp:attachment":[{"href":"https:\/\/blog.telenuovo.it\/mario-zwirner\/wp-json\/wp\/v2\/media?parent=2507"}],"wp:term":[{"taxonomy":"category","embeddable":true,"href":"https:\/\/blog.telenuovo.it\/mario-zwirner\/wp-json\/wp\/v2\/categories?post=2507"},{"taxonomy":"post_tag","embeddable":true,"href":"https:\/\/blog.telenuovo.it\/mario-zwirner\/wp-json\/wp\/v2\/tags?post=2507"}],"curies":[{"name":"wp","href":"https:\/\/api.w.org\/{rel}","templated":true}]}}