{"id":2562,"date":"2024-09-30T09:58:03","date_gmt":"2024-09-30T07:58:03","guid":{"rendered":"http:\/\/blog.telenuovo.it\/mario-zwirner\/2024\/09\/30\/papa-esplosivo-sullaborto\/"},"modified":"2024-09-30T09:58:03","modified_gmt":"2024-09-30T07:58:03","slug":"papa-esplosivo-sullaborto","status":"publish","type":"post","link":"https:\/\/blog.telenuovo.it\/mario-zwirner\/2024\/09\/30\/papa-esplosivo-sullaborto\/","title":{"rendered":"PAPA \u201cESPLOSIVO\u201d SULL\u2019ABORTO"},"content":{"rendered":"<p>Viene da definire \u201cesplosiva\u201d questa dichiarazione del Papa sull\u2019aborto.<\/p>\n<p>Definire i medici che lo praticano dei sicari \u00e8 peggio che dare loro degli assassini.<\/p>\n<p>Tante le considerazioni su un tema tanto delicato e complesso.<\/p>\n<p>Intanto Bergoglio \u00e8 in linea con la dottrina della Chiesa che ordina di tutelare la vita dai morti in mare ai nascituri.<\/p>\n<p>Non si pu\u00f2 parlare di interferenza perch\u00e9 il Papa non chiede al governo di intervenire sull\u2019aborto, ma esprime solo la valutazione cattolica su un tema, ripeto, tanto delicato e controverso.<\/p>\n<p>Fin\u2019ora venivano accusati i medici obiettori di coscienza di violare il diritto delle donne all\u2019aborto.<\/p>\n<p>Ma \u00e8 cos\u00ec, oppure intervenire sul feto crea dubbi, incertezze, perplessit\u00e0 morali? Ricordo che anche alcuni laici, come il giornalista Giuliano Ferrara, da sempre sono contrari al libero aborto.<\/p>\n<p>Poi \u00e8 innegabile il rapporto tra crollo della natalit\u00e0 e diffusione dell\u2019aborto. Per contrastare questo tragico fenomeno epocale puntiamo sugli aiuti economici o sulla limitazione (non dico sul dico sul divieto) del ricorso all\u2019aborto.<\/p>\n<p>In fine \u00e8 un tema del quale non si discute da noi. Ma ricordo che l\u2019aborto \u00e8 al centro della campagna elettorale negli Stati Uniti: Trump ha una linea pi\u00f9 severa rispetto a Kamala Harris; diversi Stati Usa lo vietano.<\/p>\n<p>Da noi invece non se ne parla. Direi che sarebbe utile se questa esplosiva dichiarazione di Papa Bergoglio almeno riaccendesse qualche considerazione, qualche seria analisi anche in Italia.<\/p>\n<p>Ovviamente non accadr\u00e0.<\/p>\n","protected":false},"excerpt":{"rendered":"<p>Viene da definire \u201cesplosiva\u201d questa dichiarazione del Papa sull\u2019aborto. Definire i medici che lo praticano dei sicari \u00e8 peggio che dare loro degli assassini. Tante le considerazioni su un tema tanto delicato e complesso. Intanto Bergoglio \u00e8 in linea con la dottrina della Chiesa che ordina di tutelare la vita dai morti in mare ai&#8230;  <a class=\"excerpt-read-more\" href=\"https:\/\/blog.telenuovo.it\/mario-zwirner\/2024\/09\/30\/papa-esplosivo-sullaborto\/\" title=\"Read PAPA \u201cESPLOSIVO\u201d SULL\u2019ABORTO\">Leggi tutto &raquo;<\/a><\/p>\n","protected":false},"author":3,"featured_media":0,"comment_status":"open","ping_status":"open","sticky":false,"template":"","format":"standard","meta":[],"categories":[1],"tags":[],"_links":{"self":[{"href":"https:\/\/blog.telenuovo.it\/mario-zwirner\/wp-json\/wp\/v2\/posts\/2562"}],"collection":[{"href":"https:\/\/blog.telenuovo.it\/mario-zwirner\/wp-json\/wp\/v2\/posts"}],"about":[{"href":"https:\/\/blog.telenuovo.it\/mario-zwirner\/wp-json\/wp\/v2\/types\/post"}],"author":[{"embeddable":true,"href":"https:\/\/blog.telenuovo.it\/mario-zwirner\/wp-json\/wp\/v2\/users\/3"}],"replies":[{"embeddable":true,"href":"https:\/\/blog.telenuovo.it\/mario-zwirner\/wp-json\/wp\/v2\/comments?post=2562"}],"version-history":[{"count":0,"href":"https:\/\/blog.telenuovo.it\/mario-zwirner\/wp-json\/wp\/v2\/posts\/2562\/revisions"}],"wp:attachment":[{"href":"https:\/\/blog.telenuovo.it\/mario-zwirner\/wp-json\/wp\/v2\/media?parent=2562"}],"wp:term":[{"taxonomy":"category","embeddable":true,"href":"https:\/\/blog.telenuovo.it\/mario-zwirner\/wp-json\/wp\/v2\/categories?post=2562"},{"taxonomy":"post_tag","embeddable":true,"href":"https:\/\/blog.telenuovo.it\/mario-zwirner\/wp-json\/wp\/v2\/tags?post=2562"}],"curies":[{"name":"wp","href":"https:\/\/api.w.org\/{rel}","templated":true}]}}