{"id":2721,"date":"2025-11-05T10:43:03","date_gmt":"2025-11-05T09:43:03","guid":{"rendered":"http:\/\/blog.telenuovo.it\/mario-zwirner\/?p=2721"},"modified":"2025-11-05T10:43:04","modified_gmt":"2025-11-05T09:43:04","slug":"se-il-cretino-va-alle-urne","status":"publish","type":"post","link":"https:\/\/blog.telenuovo.it\/mario-zwirner\/2025\/11\/05\/se-il-cretino-va-alle-urne\/","title":{"rendered":"SE IL CRETINO VA ALLE URNE"},"content":{"rendered":"\n<p>Mamdani, il mussulmano, \u00e8 il nuovo sindaco di New York. Col suo solito linguaggio \u201cforbito\u201d Trump aveva detto che, se un ebreo lo votava, era un cretino. Ma alle urne possono andarci anche i cretini o solo gli intelligenti? Ci vorrebbe una sorta di patente per esercitare il diritto di voto?<\/p>\n\n\n\n<p>Luigi Primon, per anni nostro giornalista, osservava proprio questo: per guidare bisogna aver fatto la patente, per andare al voto nessun esame.<\/p>\n\n\n\n<p>Succede cos\u00ec (ne prendo atto, non che sia d\u2019accordo) che c\u2019\u00e8 anche chi sostiene che \u00e8 meglio la dittatura della democrazia.<\/p>\n\n\n\n<p>In realt\u00e0 la questione \u00e8 molto pi\u00f9 vasta di quella elettorale. Riconosciamo anche le varie autorit\u00e0 o riteniamo di essere noi capaci di decidere ogni scelta? Quanti cretini ci sono in sanit\u00e0 convinti di essere capaci di farsi la diagnosi e scegliere la loro terapia giusta?<\/p>\n\n\n\n<p>I nipoti ascoltano o no i consigli dei nonni che hanno molta pi\u00f9 esperienza di vita? E\u2019 vero o no che, quando erano i genitori a scegliere chi dovevano sposare i figli e le figlie, i matrimoni duravano pi\u00f9 di adesso?<\/p>\n\n\n\n<p>Mi pare corretto porci questa domanda che riguarda la nostra vita intera e non solo le scelte elettorali. Anche se \u00e8 giudizio comune ritenere che sia un cretino chi non vota come ci piacerebbe\u2026<\/p>\n","protected":false},"excerpt":{"rendered":"<p>Mamdani, il mussulmano, \u00e8 il nuovo sindaco di New York. Col suo solito linguaggio \u201cforbito\u201d Trump aveva detto che, se un ebreo lo votava, era un cretino. Ma alle urne possono andarci anche i cretini o solo gli intelligenti? Ci vorrebbe una sorta di patente per esercitare il diritto di voto? Luigi Primon, per anni&#8230;  <a class=\"excerpt-read-more\" href=\"https:\/\/blog.telenuovo.it\/mario-zwirner\/2025\/11\/05\/se-il-cretino-va-alle-urne\/\" title=\"Read SE IL CRETINO VA ALLE URNE\">Leggi tutto &raquo;<\/a><\/p>\n","protected":false},"author":3,"featured_media":0,"comment_status":"open","ping_status":"open","sticky":false,"template":"","format":"standard","meta":[],"categories":[1],"tags":[],"_links":{"self":[{"href":"https:\/\/blog.telenuovo.it\/mario-zwirner\/wp-json\/wp\/v2\/posts\/2721"}],"collection":[{"href":"https:\/\/blog.telenuovo.it\/mario-zwirner\/wp-json\/wp\/v2\/posts"}],"about":[{"href":"https:\/\/blog.telenuovo.it\/mario-zwirner\/wp-json\/wp\/v2\/types\/post"}],"author":[{"embeddable":true,"href":"https:\/\/blog.telenuovo.it\/mario-zwirner\/wp-json\/wp\/v2\/users\/3"}],"replies":[{"embeddable":true,"href":"https:\/\/blog.telenuovo.it\/mario-zwirner\/wp-json\/wp\/v2\/comments?post=2721"}],"version-history":[{"count":1,"href":"https:\/\/blog.telenuovo.it\/mario-zwirner\/wp-json\/wp\/v2\/posts\/2721\/revisions"}],"predecessor-version":[{"id":2723,"href":"https:\/\/blog.telenuovo.it\/mario-zwirner\/wp-json\/wp\/v2\/posts\/2721\/revisions\/2723"}],"wp:attachment":[{"href":"https:\/\/blog.telenuovo.it\/mario-zwirner\/wp-json\/wp\/v2\/media?parent=2721"}],"wp:term":[{"taxonomy":"category","embeddable":true,"href":"https:\/\/blog.telenuovo.it\/mario-zwirner\/wp-json\/wp\/v2\/categories?post=2721"},{"taxonomy":"post_tag","embeddable":true,"href":"https:\/\/blog.telenuovo.it\/mario-zwirner\/wp-json\/wp\/v2\/tags?post=2721"}],"curies":[{"name":"wp","href":"https:\/\/api.w.org\/{rel}","templated":true}]}}