{"id":2920,"date":"2019-11-10T20:46:41","date_gmt":"2019-11-10T19:46:41","guid":{"rendered":"https:\/\/blog.telenuovo.it\/martina-moscato\/?p=2920"},"modified":"2019-11-10T20:49:07","modified_gmt":"2019-11-10T19:49:07","slug":"il-brusco-ritorno-alla-realta","status":"publish","type":"post","link":"https:\/\/blog.telenuovo.it\/martina-moscato\/2019\/11\/10\/il-brusco-ritorno-alla-realta\/","title":{"rendered":"IL BRUSCO RITORNO ALLA REALTA&#8217;"},"content":{"rendered":"<p>Dalle emozioni fortissime del derby vinto a Vicenza con impegno e sacrificio al brusco risveglio di oggi, giornata che ha riservato al Padova la terza sconfitta in campionato per mano del Sudtirol all&#8217;Euganeo, il passo \u00e8 stato troppo breve.<\/p>\n<p>Il Padova non \u00e8 pi\u00f9 primo in classifica: la vetta riconquistata con la maiuscola prestazione del &#8220;Menti&#8221; \u00e8 ora tornata nelle mani dei vicentini vittoriosi per 3-0 a Trieste. Il Sudtirol inoltre, espugnando l&#8217;Euganeo, ha agganciato proprio il Padova al secondo posto, accorciando ancor di pi\u00f9 la graduatoria nella sua parte alta. Eppure non sono queste le brutte notizie di serata. La classifica si dovr\u00e0 guardare a maggio, adesso non conta nulla.<\/p>\n<p>Sono altri gli aspetti che devono essere sottolineati per cercare di porre rimedio a quel che in questo momento non sta andando per il giusto verso. Mi limito a due osservazioni (che potrebbero per\u00f2 essere di pi\u00f9):<\/p>\n<p>1) quando non c&#8217;\u00e8 Ronaldo (oggi squalificato) il Padova non ha un&#8217;alternativa di gioco e fa terribilmente fatica a rendersi pericoloso negli ultimi sedici metri. Avendo in rosa altri giocatori con caratteristiche diverse ma con altrettanta qualit\u00e0 (su tutti Gabionetta che pu\u00f2 fare il trequartista e finalmente \u00e8 tornato a disposizione), occorre urgentemente trovare altre ispirazioni per la manovra d&#8217;attacco. Anche sulle fasce peraltro, dopo un inizio di campionato travolgente soprattutto a sinistra dalla parte di Baraye, si osserva un momento chiamiamolo cos\u00ec di &#8220;stanca&#8221; con la difficolt\u00e0 a creare la superiorit\u00e0 numerica e conseguentemente a far arrivare in mezzo all&#8217;area cross decenti.<\/p>\n<p>2)\u00a0\u00e8 da qualche partita che il Padova nel primo tempo assume un atteggiamento un po&#8217; troppo attendista. Poi nella ripresa d\u00e0 di pi\u00f9. Oggi in particolare visto che ad inizio secondo tempo il Sudtirol ha segnato subito e i biancoscudati hanno reagito allo svantaggio. C&#8217;\u00e8 quindi anche, almeno in parte, un problema di atteggiamento. Il Padova deve capire fino in fondo che ha ragione il suo allenatore quando dice che o si d\u00e0 il 110 per cento ogni volta o il rischio di patire sconfitte \u00e8 dietro l&#8217;angolo. Non basta il 99 davvero, il 110 serve. Sempre. Comunque. In ogni sfida che questo campionato mette di fronte.<\/p>\n<p>Si tratta di fronti sui quali il Padova, che, va detto, finora ha sempre lavorato al massimo e quindi va solo applaudito per questo, deve avere d&#8217;ora in avanti un&#8217;attenzione particolare. Sono i dettagli che fanno la differenza in ogni campo. Pi\u00f9 che mai nell&#8217;equilibratissimo girone B di serie C.<\/p>\n","protected":false},"excerpt":{"rendered":"<p>Dalle emozioni fortissime del derby vinto a Vicenza con impegno e sacrificio al brusco risveglio di oggi, giornata che ha riservato al Padova la terza sconfitta in campionato per mano del Sudtirol all&#8217;Euganeo, il passo \u00e8 stato troppo breve. Il Padova non \u00e8 pi\u00f9 primo in classifica: la vetta riconquistata con la maiuscola prestazione del&#8230;  <a class=\"excerpt-read-more\" href=\"https:\/\/blog.telenuovo.it\/martina-moscato\/2019\/11\/10\/il-brusco-ritorno-alla-realta\/\" title=\"Read IL BRUSCO RITORNO ALLA REALTA&#8217;\">Leggi tutto &raquo;<\/a><\/p>\n","protected":false},"author":5,"featured_media":0,"comment_status":"open","ping_status":"open","sticky":false,"template":"","format":"standard","meta":[],"categories":[1],"tags":[],"_links":{"self":[{"href":"https:\/\/blog.telenuovo.it\/martina-moscato\/wp-json\/wp\/v2\/posts\/2920"}],"collection":[{"href":"https:\/\/blog.telenuovo.it\/martina-moscato\/wp-json\/wp\/v2\/posts"}],"about":[{"href":"https:\/\/blog.telenuovo.it\/martina-moscato\/wp-json\/wp\/v2\/types\/post"}],"author":[{"embeddable":true,"href":"https:\/\/blog.telenuovo.it\/martina-moscato\/wp-json\/wp\/v2\/users\/5"}],"replies":[{"embeddable":true,"href":"https:\/\/blog.telenuovo.it\/martina-moscato\/wp-json\/wp\/v2\/comments?post=2920"}],"version-history":[{"count":3,"href":"https:\/\/blog.telenuovo.it\/martina-moscato\/wp-json\/wp\/v2\/posts\/2920\/revisions"}],"predecessor-version":[{"id":2922,"href":"https:\/\/blog.telenuovo.it\/martina-moscato\/wp-json\/wp\/v2\/posts\/2920\/revisions\/2922"}],"wp:attachment":[{"href":"https:\/\/blog.telenuovo.it\/martina-moscato\/wp-json\/wp\/v2\/media?parent=2920"}],"wp:term":[{"taxonomy":"category","embeddable":true,"href":"https:\/\/blog.telenuovo.it\/martina-moscato\/wp-json\/wp\/v2\/categories?post=2920"},{"taxonomy":"post_tag","embeddable":true,"href":"https:\/\/blog.telenuovo.it\/martina-moscato\/wp-json\/wp\/v2\/tags?post=2920"}],"curies":[{"name":"wp","href":"https:\/\/api.w.org\/{rel}","templated":true}]}}