{"id":2924,"date":"2019-11-17T01:02:27","date_gmt":"2019-11-17T00:02:27","guid":{"rendered":"https:\/\/blog.telenuovo.it\/martina-moscato\/?p=2924"},"modified":"2019-11-17T01:05:32","modified_gmt":"2019-11-17T00:05:32","slug":"episodi-si-episodi-no","status":"publish","type":"post","link":"https:\/\/blog.telenuovo.it\/martina-moscato\/2019\/11\/17\/episodi-si-episodi-no\/","title":{"rendered":"EPISODI SI&#8217;, EPISODI NO"},"content":{"rendered":"<p>Son sincera (come sempre d&#8217;altra parte, a costo di prendermi una carrettata di parole!): durante la partita di Sal\u00f2 ho avuto la netta sensazione che il Padova stesse subendo decisioni arbitrali tra il &#8220;fuori luogo&#8221; e il &#8220;clamoroso&#8221;. La rete di Andelkovic, annullata per fuorigioco, mi \u00e8 sembrata regolare, ho nutrito pi\u00f9 di qualche dubbio sulla regolarit\u00e0 del gol di Caracciolo (gol che invece \u00e8 stato convalidato e ha di fatto deciso la partita), il rosso diretto a Gabionetta mi \u00e8 sembrato eccessivo, non parliamo della cacciata anzitempo negli spogliatoi di Ronaldo nel finale per doppio giallo.<\/p>\n<p>A mente fredda per\u00f2, e soprattutto rivedendo gli episodi negli highlights, mi rimane il dubbio che non sia valido il sigillo di Caracciolo (dubbio difficilmente fugabile visto che esiste un&#8217;unica inquadratura dell&#8217;azione da centrocampo che non pu\u00f2 chiarire fino in fondo se nel momento in cui Scarsella gli ha passato la palla in effetti lo ha pescato oltre la linea dei difensori) e continua a sembrarmi affrettatissima la seconda ammonizione che ha portato all&#8217;allontanamento del capitano ormai allo scadere del match. Per il resto posso solo dire che gli episodi hanno fortemente condizionato l&#8217;andamento della gara del Padova che \u00e8 stato punito sempre nel momento in cui stava facendo di tutto per provare a raddrizzare la partita e stava perfino quasi riuscendo a buttare la palla oltre la linea bianca della porta.<\/p>\n<p>Ma aggiungo che condivido ancora una volta l&#8217;atteggiamento di Sullo che, a fine gara, degli episodi non ha proprio voluto parlare perch\u00e9 &#8220;\u00e8 da perdenti attaccarsi agli alibi&#8221;. Giusto. Sono stati tanti, troppi, i bocconi amari che la squadra ha dovuto ingoiare stasera ed \u00e8 verissimo che non si meritava di perdere. Ma attaccarsi all&#8217;arbitro rischia di essere una scorciatoia che non fa analizzare con lucidit\u00e0 il momento comunque un po&#8217; &#8220;no&#8221; della squadra. Meglio ricompattarsi e pensare alla prossima (in cui ahinoi mancheranno sia Ronaldo che Gabionetta, ovvero i due con i piedi pi\u00f9 buoni) che piangersi addosso per le decisioni del direttore di gara o per la sfortuna di un palo che non \u00e8 diventato gol.<\/p>\n<p>La situazione non \u00e8 assolutamente tragica, il Padova \u00e8 comunque in alto, nella parte nobile della classifica, ma \u00e8 un attimo pensare di essere stati solo sfortunati e continuare a cadere. Meglio capire dove si sta sbagliando e dove non si sta dando abbastanza e intervenire. Per tornare lass\u00f9. Senza se e senza ma.<\/p>\n","protected":false},"excerpt":{"rendered":"<p>Son sincera (come sempre d&#8217;altra parte, a costo di prendermi una carrettata di parole!): durante la partita di Sal\u00f2 ho avuto la netta sensazione che il Padova stesse subendo decisioni arbitrali tra il &#8220;fuori luogo&#8221; e il &#8220;clamoroso&#8221;. La rete di Andelkovic, annullata per fuorigioco, mi \u00e8 sembrata regolare, ho nutrito pi\u00f9 di qualche dubbio&#8230;  <a class=\"excerpt-read-more\" href=\"https:\/\/blog.telenuovo.it\/martina-moscato\/2019\/11\/17\/episodi-si-episodi-no\/\" title=\"Read EPISODI SI&#8217;, EPISODI NO\">Leggi tutto &raquo;<\/a><\/p>\n","protected":false},"author":5,"featured_media":0,"comment_status":"open","ping_status":"open","sticky":false,"template":"","format":"standard","meta":[],"categories":[1],"tags":[],"_links":{"self":[{"href":"https:\/\/blog.telenuovo.it\/martina-moscato\/wp-json\/wp\/v2\/posts\/2924"}],"collection":[{"href":"https:\/\/blog.telenuovo.it\/martina-moscato\/wp-json\/wp\/v2\/posts"}],"about":[{"href":"https:\/\/blog.telenuovo.it\/martina-moscato\/wp-json\/wp\/v2\/types\/post"}],"author":[{"embeddable":true,"href":"https:\/\/blog.telenuovo.it\/martina-moscato\/wp-json\/wp\/v2\/users\/5"}],"replies":[{"embeddable":true,"href":"https:\/\/blog.telenuovo.it\/martina-moscato\/wp-json\/wp\/v2\/comments?post=2924"}],"version-history":[{"count":3,"href":"https:\/\/blog.telenuovo.it\/martina-moscato\/wp-json\/wp\/v2\/posts\/2924\/revisions"}],"predecessor-version":[{"id":2926,"href":"https:\/\/blog.telenuovo.it\/martina-moscato\/wp-json\/wp\/v2\/posts\/2924\/revisions\/2926"}],"wp:attachment":[{"href":"https:\/\/blog.telenuovo.it\/martina-moscato\/wp-json\/wp\/v2\/media?parent=2924"}],"wp:term":[{"taxonomy":"category","embeddable":true,"href":"https:\/\/blog.telenuovo.it\/martina-moscato\/wp-json\/wp\/v2\/categories?post=2924"},{"taxonomy":"post_tag","embeddable":true,"href":"https:\/\/blog.telenuovo.it\/martina-moscato\/wp-json\/wp\/v2\/tags?post=2924"}],"curies":[{"name":"wp","href":"https:\/\/api.w.org\/{rel}","templated":true}]}}