{"id":2928,"date":"2019-11-24T21:12:35","date_gmt":"2019-11-24T20:12:35","guid":{"rendered":"https:\/\/blog.telenuovo.it\/martina-moscato\/?p=2928"},"modified":"2019-11-24T21:16:21","modified_gmt":"2019-11-24T20:16:21","slug":"sullo-vede-e-provvede","status":"publish","type":"post","link":"https:\/\/blog.telenuovo.it\/martina-moscato\/2019\/11\/24\/sullo-vede-e-provvede\/","title":{"rendered":"SULLO VEDE E PROVVEDE"},"content":{"rendered":"<p>Dopo due sconfitte di fila e la discesa al quarto posto in classifica (che di per s\u00e8 non \u00e8 nemmeno un brutto piazzamento ma arriva dopo che per settimane il Padova \u00e8 stato primo&#8230; Sai com&#8217;\u00e8&#8230; il tifoso si era fatto la bocca buona!), oggi era importante vincere. In qualunque modo ma vincere.<\/p>\n<p>Ecco, i biancoscudati sono riusciti a farlo sfoderando una prestazione di grande forza caratteriale innanzitutto, in un campo pesantissimo e ancora una volta senza Ronaldo, squalificato. Sono queste le gare che ti dicono di che pasta \u00e8 fatta la tua squadra del cuore. Sono queste le vittorie che dimostrano che non siamo Ronaldo dipendenti (per quanto il brasiliano, va sottolineato, sia un giocatore fondamentale). Sono queste le giornate in cui capisci una volta di pi\u00f9 che in panchina c&#8217;\u00e8 uno che vede e provvede. Che cambia se c&#8217;\u00e8 da cambiare. Che lascia se c&#8217;\u00e8 da lasciare. Che d\u00e0 fiducia a un giovane se c&#8217;\u00e8 da dargli fiducia (vedi Piovanello). Che parla molto coi suoi ragazzi ma che capisce un unico linguaggio di ritorno ovvero il lavoro sul campo. In primis in allenamento.<\/p>\n<p>Chi suda in settimana e si fa trovare pronto gioca. E non importa se gioca dall&#8217;inizio o subentra. Mandorlini non ha giocato tante partite da titolare eppure oggi \u00e8 stato decisivo. E permettetemi di esprimere una gioia particolare per questo ragazzo che esce da un anno terribile e ha finalmente voltato pagina con questo gol voluto, cercato e ottenuto con merito. E&#8217; anni che Matteo \u00e8 qui e si fa voler bene dalla piazza. Giusto che sia toccato a lui oggi estrarre dal cilindro la perla che ha tolto le castagne dal fuoco al Padova. Al suo Padova. Al nostro Padova.<\/p>\n<p>&nbsp;<\/p>\n","protected":false},"excerpt":{"rendered":"<p>Dopo due sconfitte di fila e la discesa al quarto posto in classifica (che di per s\u00e8 non \u00e8 nemmeno un brutto piazzamento ma arriva dopo che per settimane il Padova \u00e8 stato primo&#8230; Sai com&#8217;\u00e8&#8230; il tifoso si era fatto la bocca buona!), oggi era importante vincere. In qualunque modo ma vincere. Ecco, i&#8230;  <a class=\"excerpt-read-more\" href=\"https:\/\/blog.telenuovo.it\/martina-moscato\/2019\/11\/24\/sullo-vede-e-provvede\/\" title=\"Read SULLO VEDE E PROVVEDE\">Leggi tutto &raquo;<\/a><\/p>\n","protected":false},"author":5,"featured_media":0,"comment_status":"open","ping_status":"open","sticky":false,"template":"","format":"standard","meta":[],"categories":[1],"tags":[],"_links":{"self":[{"href":"https:\/\/blog.telenuovo.it\/martina-moscato\/wp-json\/wp\/v2\/posts\/2928"}],"collection":[{"href":"https:\/\/blog.telenuovo.it\/martina-moscato\/wp-json\/wp\/v2\/posts"}],"about":[{"href":"https:\/\/blog.telenuovo.it\/martina-moscato\/wp-json\/wp\/v2\/types\/post"}],"author":[{"embeddable":true,"href":"https:\/\/blog.telenuovo.it\/martina-moscato\/wp-json\/wp\/v2\/users\/5"}],"replies":[{"embeddable":true,"href":"https:\/\/blog.telenuovo.it\/martina-moscato\/wp-json\/wp\/v2\/comments?post=2928"}],"version-history":[{"count":3,"href":"https:\/\/blog.telenuovo.it\/martina-moscato\/wp-json\/wp\/v2\/posts\/2928\/revisions"}],"predecessor-version":[{"id":2930,"href":"https:\/\/blog.telenuovo.it\/martina-moscato\/wp-json\/wp\/v2\/posts\/2928\/revisions\/2930"}],"wp:attachment":[{"href":"https:\/\/blog.telenuovo.it\/martina-moscato\/wp-json\/wp\/v2\/media?parent=2928"}],"wp:term":[{"taxonomy":"category","embeddable":true,"href":"https:\/\/blog.telenuovo.it\/martina-moscato\/wp-json\/wp\/v2\/categories?post=2928"},{"taxonomy":"post_tag","embeddable":true,"href":"https:\/\/blog.telenuovo.it\/martina-moscato\/wp-json\/wp\/v2\/tags?post=2928"}],"curies":[{"name":"wp","href":"https:\/\/api.w.org\/{rel}","templated":true}]}}