{"id":2937,"date":"2019-12-17T01:23:53","date_gmt":"2019-12-17T00:23:53","guid":{"rendered":"https:\/\/blog.telenuovo.it\/martina-moscato\/?p=2937"},"modified":"2019-12-17T01:23:53","modified_gmt":"2019-12-17T00:23:53","slug":"la-nostra-posizione","status":"publish","type":"post","link":"https:\/\/blog.telenuovo.it\/martina-moscato\/2019\/12\/17\/la-nostra-posizione\/","title":{"rendered":"LA NOSTRA POSIZIONE"},"content":{"rendered":"<p>E&#8217; finito il girone d&#8217;andata. Il Padova \u00e8 quarto in classifica, superato proprio stasera all&#8217;ultimo respiro dalla Reggiana. Mi chiedo e vi chiedo: questa posizione rispecchia i valori espressi fino a questo momento in campionato dalla formazione biancoscudata?<\/p>\n<p>Io a questa domanda rispondo: &#8220;tutto sommato s\u00ec&#8221;. E&#8217; vero che il Padova \u00e8 partito con una striscia incredibile di vittorie, rendendosi protagonista di un avvio entusiasmante, \u00e8 vero che stasera, ad esempio, la gara \u00e8 stata pesantemente condizionata da due infortuni nei primi minuti, \u00e8 vero che in certi campi dove si \u00e8 perso si meritava quantomeno il pareggio, ma \u00e8 altrettanto innegabile che nella seconda parte di questa prima parte della stagione i biancoscudati hanno avuto un calo. Poche volte nell&#8217;atteggiamento, in pi\u00f9 di un&#8217;occasione per\u00f2 nel rendimento, nella capacit\u00e0 di creare occasioni pericolose, nell&#8217;incisivit\u00e0 negli ultimi sedici metri.<\/p>\n<p>Il Vicenza si \u00e8 dimostrato un&#8217;autentica macchina schiacciasassi. Il Carpi non molla di un centimetro. La Reggiana, stasera, ha disputato un signor primo tempo, facendo poi correre a vuoto il Padova. Direi che la graduatoria \u00e8 veritiera. Va da s\u00e8 che all&#8217;imminente mercato di gennaio il direttore sportivo Sogliano qualcosa far\u00e0. Chi non \u00e8 riuscito ad esprimersi su buoni livelli saluter\u00e0, qualche volto nuovo arriver\u00e0. Ma bisogna che anche il Padova si aiuti un po&#8217; di pi\u00f9. S\u00ec, della serie, &#8220;aiutati che il ciel ti aiuta&#8221;. Deve crescere ancora. Deve migliorare. Deve maturare. Deve portarsi all&#8217;altezza di chi in questo momento si sta comportando meglio. E questo indipendentemente dai cambiamenti nella rosa. Poi certo un po&#8217; di qualit\u00e0 in aggiunta non potr\u00e0 che fare bene.<\/p>\n","protected":false},"excerpt":{"rendered":"<p>E&#8217; finito il girone d&#8217;andata. Il Padova \u00e8 quarto in classifica, superato proprio stasera all&#8217;ultimo respiro dalla Reggiana. Mi chiedo e vi chiedo: questa posizione rispecchia i valori espressi fino a questo momento in campionato dalla formazione biancoscudata? Io a questa domanda rispondo: &#8220;tutto sommato s\u00ec&#8221;. E&#8217; vero che il Padova \u00e8 partito con una&#8230;  <a class=\"excerpt-read-more\" href=\"https:\/\/blog.telenuovo.it\/martina-moscato\/2019\/12\/17\/la-nostra-posizione\/\" title=\"Read LA NOSTRA POSIZIONE\">Leggi tutto &raquo;<\/a><\/p>\n","protected":false},"author":5,"featured_media":0,"comment_status":"open","ping_status":"open","sticky":false,"template":"","format":"standard","meta":[],"categories":[1],"tags":[],"_links":{"self":[{"href":"https:\/\/blog.telenuovo.it\/martina-moscato\/wp-json\/wp\/v2\/posts\/2937"}],"collection":[{"href":"https:\/\/blog.telenuovo.it\/martina-moscato\/wp-json\/wp\/v2\/posts"}],"about":[{"href":"https:\/\/blog.telenuovo.it\/martina-moscato\/wp-json\/wp\/v2\/types\/post"}],"author":[{"embeddable":true,"href":"https:\/\/blog.telenuovo.it\/martina-moscato\/wp-json\/wp\/v2\/users\/5"}],"replies":[{"embeddable":true,"href":"https:\/\/blog.telenuovo.it\/martina-moscato\/wp-json\/wp\/v2\/comments?post=2937"}],"version-history":[{"count":1,"href":"https:\/\/blog.telenuovo.it\/martina-moscato\/wp-json\/wp\/v2\/posts\/2937\/revisions"}],"predecessor-version":[{"id":2938,"href":"https:\/\/blog.telenuovo.it\/martina-moscato\/wp-json\/wp\/v2\/posts\/2937\/revisions\/2938"}],"wp:attachment":[{"href":"https:\/\/blog.telenuovo.it\/martina-moscato\/wp-json\/wp\/v2\/media?parent=2937"}],"wp:term":[{"taxonomy":"category","embeddable":true,"href":"https:\/\/blog.telenuovo.it\/martina-moscato\/wp-json\/wp\/v2\/categories?post=2937"},{"taxonomy":"post_tag","embeddable":true,"href":"https:\/\/blog.telenuovo.it\/martina-moscato\/wp-json\/wp\/v2\/tags?post=2937"}],"curies":[{"name":"wp","href":"https:\/\/api.w.org\/{rel}","templated":true}]}}