{"id":2991,"date":"2020-04-27T15:08:18","date_gmt":"2020-04-27T13:08:18","guid":{"rendered":"https:\/\/blog.telenuovo.it\/martina-moscato\/?p=2991"},"modified":"2020-04-27T15:08:18","modified_gmt":"2020-04-27T13:08:18","slug":"e-lora-del-balon","status":"publish","type":"post","link":"https:\/\/blog.telenuovo.it\/martina-moscato\/2020\/04\/27\/e-lora-del-balon\/","title":{"rendered":"&#8220;E&#8217; L&#8217;ORA DEL BALON&#8221;"},"content":{"rendered":"<p>Finalmente la domenica pomeriggio, all&#8217;ora del pallone, siamo tornati a parlare di calcio su Telenuovo. Erano due mesi che avevamo smesso di farlo per causa di forza maggiore.<\/p>\n<p>&#8220;Non c&#8217;\u00e8 pi\u00f9 l&#8217;evento della partita, cosa vi raccontiamo?&#8221; Ci siamo detti. Ebbene ieri, utilizzando per la prima volta il canale facebook del Tg Biancoscudato, siamo riusciti a tornare a raccontarvi qualcosa. Qualcosa di importante per chi sente tanto, come me, come tutti noi, la mancanza del pallone. Abbiamo cercato di capire, insieme ai nostri ospiti, se e come si potr\u00e0 ripartire. Abbiamo parlato di protocolli sanitari, di nuova idoneit\u00e0 sportiva per i calciatori, di allenamenti in sicurezza, di spogliatoi divisi, di presidi di protezione individuale, di stadi con pochi tifosi all&#8217;interno e ben distanziati, ma anche di tempi per un&#8217;eventuale ripresa del campionato. Met\u00e0 giugno? Primi di luglio? Si finir\u00e0 solo la serie A, visti gli interessi economici che porta con s\u00e8, oppure anche B e C?<\/p>\n<p>C&#8217;\u00e8 per\u00f2 anche la possibilit\u00e0, tutt&#8217;altro che remota, che l&#8217;ultima partita vista sia proprio quella di due mesi fa, nel nostro caso Padova-Fermana. In questo caso verr\u00e0 annullato completamente il campionato 2019-2020 oppure le promozioni verranno assegnate a tavolino, con blocco delle retrocessioni e dei ripescaggi?<\/p>\n<p>Tutti temi interessanti, che hanno scatenato il dibattito, anche perch\u00e9 a cercare di rispondere alle domande e ai dubbi c&#8217;era, tra i vari ospiti, anche Alessandra Bianchi, amministratore delegato del calcio Padova. Una donna pratica, pragmatica, seria e competente. Una figura molto apprezzata dalla tifoseria proprio per la seriet\u00e0 e la credibilit\u00e0 con cui si pone anche in una situazione come quella che stiamo vivendo, fatta pi\u00f9 di punti interrogativi che di certezze.<\/p>\n<p>Visto il grande successo di ieri della prima puntata (in cui \u00e8 stato un piacere davvero dialogare anche con l&#8217;assessore Bonavina ma anche con i tanti ex presenti, vedi Cunico, Thomassen e Bindi, e con il grande Gianluca Di Marzio) torneremo in diretta sulla pagina facebook del tg Biancoscudato anche domenica prossima. Dalle 15 alle 17. Vi aspettiamo per scaldare il dibattito ancora una volta, con tutti i temi caldi del momento. Sperando prima o poi di tornare ad avere delle certezze. Anche sul &#8220;bal\u00f2n&#8221;, che come dice Arrigo Sacchi \u00e8 &#8220;la prima cosa importante delle cose non importanti&#8221;.<\/p>\n","protected":false},"excerpt":{"rendered":"<p>Finalmente la domenica pomeriggio, all&#8217;ora del pallone, siamo tornati a parlare di calcio su Telenuovo. Erano due mesi che avevamo smesso di farlo per causa di forza maggiore. &#8220;Non c&#8217;\u00e8 pi\u00f9 l&#8217;evento della partita, cosa vi raccontiamo?&#8221; Ci siamo detti. Ebbene ieri, utilizzando per la prima volta il canale facebook del Tg Biancoscudato, siamo riusciti&#8230;  <a class=\"excerpt-read-more\" href=\"https:\/\/blog.telenuovo.it\/martina-moscato\/2020\/04\/27\/e-lora-del-balon\/\" title=\"Read &#8220;E&#8217; L&#8217;ORA DEL BALON&#8221;\">Leggi tutto &raquo;<\/a><\/p>\n","protected":false},"author":5,"featured_media":0,"comment_status":"open","ping_status":"open","sticky":false,"template":"","format":"standard","meta":[],"categories":[1],"tags":[],"_links":{"self":[{"href":"https:\/\/blog.telenuovo.it\/martina-moscato\/wp-json\/wp\/v2\/posts\/2991"}],"collection":[{"href":"https:\/\/blog.telenuovo.it\/martina-moscato\/wp-json\/wp\/v2\/posts"}],"about":[{"href":"https:\/\/blog.telenuovo.it\/martina-moscato\/wp-json\/wp\/v2\/types\/post"}],"author":[{"embeddable":true,"href":"https:\/\/blog.telenuovo.it\/martina-moscato\/wp-json\/wp\/v2\/users\/5"}],"replies":[{"embeddable":true,"href":"https:\/\/blog.telenuovo.it\/martina-moscato\/wp-json\/wp\/v2\/comments?post=2991"}],"version-history":[{"count":1,"href":"https:\/\/blog.telenuovo.it\/martina-moscato\/wp-json\/wp\/v2\/posts\/2991\/revisions"}],"predecessor-version":[{"id":2992,"href":"https:\/\/blog.telenuovo.it\/martina-moscato\/wp-json\/wp\/v2\/posts\/2991\/revisions\/2992"}],"wp:attachment":[{"href":"https:\/\/blog.telenuovo.it\/martina-moscato\/wp-json\/wp\/v2\/media?parent=2991"}],"wp:term":[{"taxonomy":"category","embeddable":true,"href":"https:\/\/blog.telenuovo.it\/martina-moscato\/wp-json\/wp\/v2\/categories?post=2991"},{"taxonomy":"post_tag","embeddable":true,"href":"https:\/\/blog.telenuovo.it\/martina-moscato\/wp-json\/wp\/v2\/tags?post=2991"}],"curies":[{"name":"wp","href":"https:\/\/api.w.org\/{rel}","templated":true}]}}