{"id":2994,"date":"2020-06-08T23:20:16","date_gmt":"2020-06-08T21:20:16","guid":{"rendered":"https:\/\/blog.telenuovo.it\/martina-moscato\/?p=2994"},"modified":"2020-06-08T23:20:16","modified_gmt":"2020-06-08T21:20:16","slug":"padova-ai-playoff-si-ricomincia","status":"publish","type":"post","link":"https:\/\/blog.telenuovo.it\/martina-moscato\/2020\/06\/08\/padova-ai-playoff-si-ricomincia\/","title":{"rendered":"PADOVA AI PLAYOFF: SI RICOMINCIA!"},"content":{"rendered":"<p>8 giugno 2020. Giornata di decisioni, giornata di verdetti da parte del Consiglio Federale. La Lega Pro far\u00e0 playoff e playout per stabilire chi sar\u00e0 promosso, oltre a Vicenza, Reggina e Monza, e chi retroceder\u00e0 insieme a Gozzano, Rimini e Rieti. Playoff che saranno pi\u00f9 &#8220;asciutti&#8221; rispetto alla formula originale, con partite secche fino a semifinali e finali. Si giocher\u00e0 dall&#8217;1 luglio al 22 dello stesso mese.<\/p>\n<p>Vista la situazione assolutamente inedita, le lamentele per questa formula di completamento della serie C sono tante, cos\u00ec come per\u00f2 sono numerosi anche gli attestati di approvazione per una soluzione, quella di far disputare alle squadre aventi diritto almeno playoff e playout, che ha cercato di usare il pi\u00f9 possibile il criterio del buon senso.<\/p>\n<p>Il Padova, che la disputa dei playoff l&#8217;aveva chiesta per primo ancora a maggio, pu\u00f2 dirsi soddisfatto che alla fine la Figc abbia confermato quella che era la sua linea.<\/p>\n<p>Si ricomincia dunque. Senza pubblico e con un calcio che sar\u00e0 diverso in tantissimi aspetti rispetto a quello cui siamo abituati per via delle necessarie norme di sicurezza da seguire. Ma si ricomincia. Dopo 3 mesi di stop assoluto, chi ama il calcio non pu\u00f2 che considerare questa ripartenza una buona notizia. Pur con tutti i limiti che porta con s\u00e8.<\/p>\n<p>Contemporaneamente a questa decisione, siamo tornati in pista con il nostro Tg Biancoscudato in coda al Tg Cronaca delle 19.30 sul canale 11 e delle 20.30 sul canale 117. E siamo ripartiti anche con la nostra trasmissione &#8220;Al\u00e8 Padova&#8221; che sar\u00e0 online, come \u00e8 stato stasera per la settima puntata, sempre di luned\u00ec alle 21 sulla pagina facebook del Tg Biancoscudato. Per tornare a farvi vivere il pallone dal di dentro. Con la passione che in questi mesi non \u00e8 mai venuta meno, neanche per un secondo.<\/p>\n<p>Appuntamento su Telenuovo dunque dal luned\u00ec al sabato alle 19.50 sul canale 11 e alle 20.50 sul canale 11 per l&#8217;informazione sportiva quotidiana e sulla pagina facebook del Tg Biancoscudato il luned\u00ec sera alle 21 con &#8220;Al\u00e8 Padova&#8221;.<\/p>\n<p>&nbsp;<\/p>\n","protected":false},"excerpt":{"rendered":"<p>8 giugno 2020. Giornata di decisioni, giornata di verdetti da parte del Consiglio Federale. La Lega Pro far\u00e0 playoff e playout per stabilire chi sar\u00e0 promosso, oltre a Vicenza, Reggina e Monza, e chi retroceder\u00e0 insieme a Gozzano, Rimini e Rieti. Playoff che saranno pi\u00f9 &#8220;asciutti&#8221; rispetto alla formula originale, con partite secche fino a&#8230;  <a class=\"excerpt-read-more\" href=\"https:\/\/blog.telenuovo.it\/martina-moscato\/2020\/06\/08\/padova-ai-playoff-si-ricomincia\/\" title=\"Read PADOVA AI PLAYOFF: SI RICOMINCIA!\">Leggi tutto &raquo;<\/a><\/p>\n","protected":false},"author":5,"featured_media":0,"comment_status":"open","ping_status":"open","sticky":false,"template":"","format":"standard","meta":[],"categories":[1],"tags":[],"_links":{"self":[{"href":"https:\/\/blog.telenuovo.it\/martina-moscato\/wp-json\/wp\/v2\/posts\/2994"}],"collection":[{"href":"https:\/\/blog.telenuovo.it\/martina-moscato\/wp-json\/wp\/v2\/posts"}],"about":[{"href":"https:\/\/blog.telenuovo.it\/martina-moscato\/wp-json\/wp\/v2\/types\/post"}],"author":[{"embeddable":true,"href":"https:\/\/blog.telenuovo.it\/martina-moscato\/wp-json\/wp\/v2\/users\/5"}],"replies":[{"embeddable":true,"href":"https:\/\/blog.telenuovo.it\/martina-moscato\/wp-json\/wp\/v2\/comments?post=2994"}],"version-history":[{"count":1,"href":"https:\/\/blog.telenuovo.it\/martina-moscato\/wp-json\/wp\/v2\/posts\/2994\/revisions"}],"predecessor-version":[{"id":2995,"href":"https:\/\/blog.telenuovo.it\/martina-moscato\/wp-json\/wp\/v2\/posts\/2994\/revisions\/2995"}],"wp:attachment":[{"href":"https:\/\/blog.telenuovo.it\/martina-moscato\/wp-json\/wp\/v2\/media?parent=2994"}],"wp:term":[{"taxonomy":"category","embeddable":true,"href":"https:\/\/blog.telenuovo.it\/martina-moscato\/wp-json\/wp\/v2\/categories?post=2994"},{"taxonomy":"post_tag","embeddable":true,"href":"https:\/\/blog.telenuovo.it\/martina-moscato\/wp-json\/wp\/v2\/tags?post=2994"}],"curies":[{"name":"wp","href":"https:\/\/api.w.org\/{rel}","templated":true}]}}