{"id":2997,"date":"2020-07-01T00:43:58","date_gmt":"2020-06-30T22:43:58","guid":{"rendered":"https:\/\/blog.telenuovo.it\/martina-moscato\/?p=2997"},"modified":"2020-07-01T00:44:03","modified_gmt":"2020-06-30T22:44:03","slug":"fuori-la-prima-sotto-con-la-seconda","status":"publish","type":"post","link":"https:\/\/blog.telenuovo.it\/martina-moscato\/2020\/07\/01\/fuori-la-prima-sotto-con-la-seconda\/","title":{"rendered":"FUORI LA PRIMA. SOTTO CON LA SECONDA"},"content":{"rendered":"<p>La gioia per il pareggio contro la Sambenedettese durer\u00e0 il tempo di un battito di ciglia.<\/p>\n<p>E&#8217; stata la partita che ha segnato la ripartenza dopo 4 mesi di assordante silenzio. Di stop assoluto. Portava con s\u00e8 una carica di aspettative e curiosit\u00e0 senza precedenti.<\/p>\n<p>E&#8217; finita 0-0 e consente al Padova di passare al secondo turno contro la Feralpi (sfida che si giocher\u00e0 domenica) ma appunto \u00e8 gi\u00e0 ora di guardare alla prossima sfida. Al prossimo bivio.<\/p>\n<p>L&#8217;importante era non uscire subito di scena. Sarebbe stato un colpo davvero difficile da parare e da assorbire.<\/p>\n<p>Il Padova ce l&#8217;ha fatta a rimanere in piedi e in corsa. E&#8217; stata dura, davvero, buttare il cuore oltre l&#8217;ostacolo. Le gambe sono arrivate fino a dove son riuscite ad arrivare, la testa ha fatto davvero sforzi sovrumani. Lo 0-0 ha messo in evidenza diversi aspetti da rivedere (soprattutto in attacco) ma davvero stasera dove non \u00e8 arrivata la gamba \u00e8 arrivata la mentalit\u00e0 di una squadra che voleva il risultato per passare il turno e lo ha ottenuto. Con tutte le sue forze.<\/p>\n<p>Ottima premessa per pensare che il cammino potr\u00e0 proseguire ancora a lungo. Anche se domenica saranno diversi i cambi che Mandorlini dovr\u00e0 operare per rimettere in campo una squadra ugualmente competitiva. Non \u00e8 possibile davvero che chi si \u00e8 spremuto fino all&#8217;osso stasera possa tirare fuori nuovamente da s\u00e8 stesso tutta questa sostanza. La rosa \u00e8 lunga, ci sar\u00e0 ora pi\u00f9 che mai davvero bisogno di tutti.<\/p>\n<p>Se alla fine si arriver\u00e0 da qualche parte, stavolta sar\u00e0 davvero stato il gruppo a fare la differenza.<\/p>\n","protected":false},"excerpt":{"rendered":"<p>La gioia per il pareggio contro la Sambenedettese durer\u00e0 il tempo di un battito di ciglia. E&#8217; stata la partita che ha segnato la ripartenza dopo 4 mesi di assordante silenzio. Di stop assoluto. Portava con s\u00e8 una carica di aspettative e curiosit\u00e0 senza precedenti. E&#8217; finita 0-0 e consente al Padova di passare al&#8230;  <a class=\"excerpt-read-more\" href=\"https:\/\/blog.telenuovo.it\/martina-moscato\/2020\/07\/01\/fuori-la-prima-sotto-con-la-seconda\/\" title=\"Read FUORI LA PRIMA. SOTTO CON LA SECONDA\">Leggi tutto &raquo;<\/a><\/p>\n","protected":false},"author":5,"featured_media":0,"comment_status":"open","ping_status":"open","sticky":false,"template":"","format":"standard","meta":[],"categories":[1],"tags":[],"_links":{"self":[{"href":"https:\/\/blog.telenuovo.it\/martina-moscato\/wp-json\/wp\/v2\/posts\/2997"}],"collection":[{"href":"https:\/\/blog.telenuovo.it\/martina-moscato\/wp-json\/wp\/v2\/posts"}],"about":[{"href":"https:\/\/blog.telenuovo.it\/martina-moscato\/wp-json\/wp\/v2\/types\/post"}],"author":[{"embeddable":true,"href":"https:\/\/blog.telenuovo.it\/martina-moscato\/wp-json\/wp\/v2\/users\/5"}],"replies":[{"embeddable":true,"href":"https:\/\/blog.telenuovo.it\/martina-moscato\/wp-json\/wp\/v2\/comments?post=2997"}],"version-history":[{"count":2,"href":"https:\/\/blog.telenuovo.it\/martina-moscato\/wp-json\/wp\/v2\/posts\/2997\/revisions"}],"predecessor-version":[{"id":2999,"href":"https:\/\/blog.telenuovo.it\/martina-moscato\/wp-json\/wp\/v2\/posts\/2997\/revisions\/2999"}],"wp:attachment":[{"href":"https:\/\/blog.telenuovo.it\/martina-moscato\/wp-json\/wp\/v2\/media?parent=2997"}],"wp:term":[{"taxonomy":"category","embeddable":true,"href":"https:\/\/blog.telenuovo.it\/martina-moscato\/wp-json\/wp\/v2\/categories?post=2997"},{"taxonomy":"post_tag","embeddable":true,"href":"https:\/\/blog.telenuovo.it\/martina-moscato\/wp-json\/wp\/v2\/tags?post=2997"}],"curies":[{"name":"wp","href":"https:\/\/api.w.org\/{rel}","templated":true}]}}