{"id":3068,"date":"2020-12-06T20:37:34","date_gmt":"2020-12-06T19:37:34","guid":{"rendered":"https:\/\/blog.telenuovo.it\/martina-moscato\/?p=3068"},"modified":"2020-12-06T20:41:12","modified_gmt":"2020-12-06T19:41:12","slug":"limportanza-della-giusta-mentalita","status":"publish","type":"post","link":"https:\/\/blog.telenuovo.it\/martina-moscato\/2020\/12\/06\/limportanza-della-giusta-mentalita\/","title":{"rendered":"L&#8217;IMPORTANZA DELLA GIUSTA MENTALITA&#8217;"},"content":{"rendered":"<p>D&#8217;accordo, c&#8217;\u00e8 Francesco Nicastro che \u00e8 gi\u00e0 arrivato a 7 gol, consacrandosi bomber del momento dopo l&#8217;infortunio di Paponi alla prima di campionato: \u00e8 indubbiamente lui ora il punto di riferimento nell&#8217;attacco biancoscudato, anche se a Ravenna non \u00e8 riuscito a segnare.<\/p>\n<p>Della Latta ha ormai finito di stupire per la sua prolificit\u00e0 sotto porta: anche al &#8220;Benelli&#8221; si \u00e8 presentato puntuale all&#8217;appuntamento con il gol, di testa, alla sua maniera, cio\u00e8 inserendosi al momento giusto come una faina e svettando sugli avversari con uno stacco imperioso. Fanno gi\u00e0 6 reti in totale, una garanzia davvero.<\/p>\n<p>Saber fino a sabato era stato impeccabile in tutte le caratteristiche che lo rendono uno dei centrocampisti pi\u00f9 forti della categoria, condendo le prestazioni oltre che con grinta e temperamento anche con una serie di assist e con un palo a Sal\u00f2 che gridava ancora vendetta: in terra romagnola il suo sigillo, di pregevole fattura, \u00e8 una perla che si aggiunge ad una stagione fin qui strepitosa. Il giusto merito.<\/p>\n<p>Oggi per\u00f2 voglio sottolineare ancora una volta quanto sia importante la mentalit\u00e0 di questa squadra che sta un po&#8217; alla volta diventando quella di una realt\u00e0 che vuole guardare tutti dall&#8217;alto fino alla fine del campionato. Il gol preso e la mancanza della giusta cattiveria in occasione dei tiri di Bifulco e Della Latta che potevano chiudere la partita ben prima del 94&#8242; rappresentano aspetti ancora da limare e rivedere, ma la reazione dopo il pari dei ravennati e soprattutto l&#8217;ingresso in campo con la miglior concentrazione di chi \u00e8 subentrato a partita in corso rappresentano vittorie nelle vittorie per Andrea Mandorlini. Solo cos\u00ec, ha detto anche l&#8217;allenatore, si pu\u00f2 arrivare in fondo da vincenti. Solo questo, ha ribadito, \u00e8 lo spirito giusto.<\/p>\n<p>E i suoi ragazzi, ancora una volta, hanno risposto presente. Non lo hanno deluso. Ad esempio Hallfredsson, una volta entrato, si \u00e8 messo davanti alla difesa a recuperar palloni e a impedire agli avversari di ripartire e ci \u00e8 riuscito benissimo. Idem per Fazzi sulla fascia, nonch\u00e9, l\u00ec davanti, per Soleri e Santini, protagonisti del 3-1 della tranquillit\u00e0 a una manciata di secondi dal fischio finale: Soleri \u00e8 andato a rompere le scatole a dovere al difensore del Ravenna su una rimessa laterale, impossessandosi del pallone con personalit\u00e0 e servendo a Santini un assist d&#8217;oro, davanti alla porta, raccogliendo il quale il centravanti (che fin qui era stato protagonista solo con la bellissima rovesciata contro la Fiorentina in Coppa Italia) non ha sbagliato la mira. Tirando forte e angolato.<\/p>\n<p>Non deve essere facile tenere tutti sulla corda e far sentire l&#8217;intero gruppo squadra ugualmente importante e magari qualcuno pu\u00f2 non gradire la panchina. Cos\u00ec come la sostituzione se parte titolare. E&#8217; normale: non fosse cos\u00ec sarebbe un brutto segnale. E invece questa \u00e8 la strada giusta: pensare al Padova e ai risultati che pu\u00f2 ottenere con le qualit\u00e0 di tutti. Che sono tante. Che sono quelle giuste per una squadra che ambisce al primato e al salto di categoria.<\/p>\n<p>&nbsp;<\/p>\n","protected":false},"excerpt":{"rendered":"<p>D&#8217;accordo, c&#8217;\u00e8 Francesco Nicastro che \u00e8 gi\u00e0 arrivato a 7 gol, consacrandosi bomber del momento dopo l&#8217;infortunio di Paponi alla prima di campionato: \u00e8 indubbiamente lui ora il punto di riferimento nell&#8217;attacco biancoscudato, anche se a Ravenna non \u00e8 riuscito a segnare. Della Latta ha ormai finito di stupire per la sua prolificit\u00e0 sotto porta:&#8230;  <a class=\"excerpt-read-more\" href=\"https:\/\/blog.telenuovo.it\/martina-moscato\/2020\/12\/06\/limportanza-della-giusta-mentalita\/\" title=\"Read L&#8217;IMPORTANZA DELLA GIUSTA MENTALITA&#8217;\">Leggi tutto &raquo;<\/a><\/p>\n","protected":false},"author":5,"featured_media":0,"comment_status":"open","ping_status":"open","sticky":false,"template":"","format":"standard","meta":[],"categories":[1],"tags":[],"_links":{"self":[{"href":"https:\/\/blog.telenuovo.it\/martina-moscato\/wp-json\/wp\/v2\/posts\/3068"}],"collection":[{"href":"https:\/\/blog.telenuovo.it\/martina-moscato\/wp-json\/wp\/v2\/posts"}],"about":[{"href":"https:\/\/blog.telenuovo.it\/martina-moscato\/wp-json\/wp\/v2\/types\/post"}],"author":[{"embeddable":true,"href":"https:\/\/blog.telenuovo.it\/martina-moscato\/wp-json\/wp\/v2\/users\/5"}],"replies":[{"embeddable":true,"href":"https:\/\/blog.telenuovo.it\/martina-moscato\/wp-json\/wp\/v2\/comments?post=3068"}],"version-history":[{"count":3,"href":"https:\/\/blog.telenuovo.it\/martina-moscato\/wp-json\/wp\/v2\/posts\/3068\/revisions"}],"predecessor-version":[{"id":3070,"href":"https:\/\/blog.telenuovo.it\/martina-moscato\/wp-json\/wp\/v2\/posts\/3068\/revisions\/3070"}],"wp:attachment":[{"href":"https:\/\/blog.telenuovo.it\/martina-moscato\/wp-json\/wp\/v2\/media?parent=3068"}],"wp:term":[{"taxonomy":"category","embeddable":true,"href":"https:\/\/blog.telenuovo.it\/martina-moscato\/wp-json\/wp\/v2\/categories?post=3068"},{"taxonomy":"post_tag","embeddable":true,"href":"https:\/\/blog.telenuovo.it\/martina-moscato\/wp-json\/wp\/v2\/tags?post=3068"}],"curies":[{"name":"wp","href":"https:\/\/api.w.org\/{rel}","templated":true}]}}