{"id":3105,"date":"2021-02-17T22:32:46","date_gmt":"2021-02-17T21:32:46","guid":{"rendered":"https:\/\/blog.telenuovo.it\/martina-moscato\/?p=3105"},"modified":"2021-02-17T22:32:58","modified_gmt":"2021-02-17T21:32:58","slug":"daje","status":"publish","type":"post","link":"https:\/\/blog.telenuovo.it\/martina-moscato\/2021\/02\/17\/daje\/","title":{"rendered":"DAJE!"},"content":{"rendered":"<p>&#8220;Daje&#8221;. E&#8217; sempre stata un&#8217;espressione a me cara, al punto che qualche anno fa, visto che ne avevo fatto un hashtag del tutto personale unendoci la parola Padova, un tifoso mi aveva contattato per dirmi che voleva fondare un club proprio dandogli come nome &#8220;Daje Padova&#8221;. Il perch\u00e9 \u00e8 presto spiegato: &#8220;Daje&#8221; \u00e8 infatti contemporaneamente un incitamento ma anche l&#8217;espressione della consapevolezza di essere di fronte a un bel risultato. Quando voglio incoraggiare qualcuno a mettercela tutta per raggiungere un traguardo gli dico &#8220;daje&#8221;; di fronte al Padova che contro l&#8217;Arezzo ha vinto 2-0, pur con qualche difficolt\u00e0, conquistandosi un bel +5 dal Sudtirol alla vigilia dello scontro diretto, mi \u00e8 venuto da dire ugualmente &#8220;daje&#8221;, perch\u00e9 questo successo mi ha regalato altre certezze granitiche su un Biancoscudo che non smette di crescere e fare bene.<\/p>\n<p>L&#8217;Arezzo fanalino di coda si \u00e8 presentato all&#8217;Euganeo motivato pi\u00f9 di quanto abbia fatto la scorsa settimana il Carpi che dopo il primo gol si \u00e8 sciolto come neve al sole. A testimonianza del fatto che la classifica deficitaria ancora non ha demolito le speranze di salvezza dei toscani. Non era semplice avere la meglio, cos\u00ec come non \u00e8 stato facile domenica sbloccare solo al 30&#8242; del secondo tempo la sfida di Legnago. In entrambe le occasioni il Padova non ha &#8220;strafatto&#8221; come contro Mantova e Carpi appunto ma ha mostrato di aver raggiunto maturit\u00e0 e capacit\u00e0 di gestione delle partite. Ci vogliono anche queste componenti per arrivare in fondo davanti a tutti. Non solo i punti e i gol. E sotto questo aspetto l&#8217;evoluzione della squadra di Mandorlini \u00e8 stata perfino pi\u00f9 importante della crescita sul piano del gioco. Mentalmente il Padova sta diventando una squadra forte: sar\u00e0 questo elemento a fare la differenza insieme all&#8217;estro di Chiric\u00f2, ai gol di Firenze, al ritorno di Nicastro, alle punizioni di Ronaldo e all&#8217;esperienza in difesa di Rossettini. A cominciare proprio dallo scontro diretto di domenica in casa del Sudtirol.<\/p>\n","protected":false},"excerpt":{"rendered":"<p>&#8220;Daje&#8221;. E&#8217; sempre stata un&#8217;espressione a me cara, al punto che qualche anno fa, visto che ne avevo fatto un hashtag del tutto personale unendoci la parola Padova, un tifoso mi aveva contattato per dirmi che voleva fondare un club proprio dandogli come nome &#8220;Daje Padova&#8221;. Il perch\u00e9 \u00e8 presto spiegato: &#8220;Daje&#8221; \u00e8 infatti contemporaneamente&#8230;  <a class=\"excerpt-read-more\" href=\"https:\/\/blog.telenuovo.it\/martina-moscato\/2021\/02\/17\/daje\/\" title=\"Read DAJE!\">Leggi tutto &raquo;<\/a><\/p>\n","protected":false},"author":5,"featured_media":0,"comment_status":"open","ping_status":"open","sticky":false,"template":"","format":"standard","meta":[],"categories":[1],"tags":[],"_links":{"self":[{"href":"https:\/\/blog.telenuovo.it\/martina-moscato\/wp-json\/wp\/v2\/posts\/3105"}],"collection":[{"href":"https:\/\/blog.telenuovo.it\/martina-moscato\/wp-json\/wp\/v2\/posts"}],"about":[{"href":"https:\/\/blog.telenuovo.it\/martina-moscato\/wp-json\/wp\/v2\/types\/post"}],"author":[{"embeddable":true,"href":"https:\/\/blog.telenuovo.it\/martina-moscato\/wp-json\/wp\/v2\/users\/5"}],"replies":[{"embeddable":true,"href":"https:\/\/blog.telenuovo.it\/martina-moscato\/wp-json\/wp\/v2\/comments?post=3105"}],"version-history":[{"count":2,"href":"https:\/\/blog.telenuovo.it\/martina-moscato\/wp-json\/wp\/v2\/posts\/3105\/revisions"}],"predecessor-version":[{"id":3107,"href":"https:\/\/blog.telenuovo.it\/martina-moscato\/wp-json\/wp\/v2\/posts\/3105\/revisions\/3107"}],"wp:attachment":[{"href":"https:\/\/blog.telenuovo.it\/martina-moscato\/wp-json\/wp\/v2\/media?parent=3105"}],"wp:term":[{"taxonomy":"category","embeddable":true,"href":"https:\/\/blog.telenuovo.it\/martina-moscato\/wp-json\/wp\/v2\/categories?post=3105"},{"taxonomy":"post_tag","embeddable":true,"href":"https:\/\/blog.telenuovo.it\/martina-moscato\/wp-json\/wp\/v2\/tags?post=3105"}],"curies":[{"name":"wp","href":"https:\/\/api.w.org\/{rel}","templated":true}]}}