{"id":3330,"date":"2022-11-12T10:18:12","date_gmt":"2022-11-12T09:18:12","guid":{"rendered":"http:\/\/blog.telenuovo.it\/martina-moscato\/?p=3330"},"modified":"2022-11-12T10:18:12","modified_gmt":"2022-11-12T09:18:12","slug":"eppur-mi-emoziona","status":"publish","type":"post","link":"https:\/\/blog.telenuovo.it\/martina-moscato\/2022\/11\/12\/eppur-mi-emoziona\/","title":{"rendered":"EPPUR MI EMOZIONA&#8230;"},"content":{"rendered":"\n<p>Un colpo al cuore. Non scherzo se dico che, quando ho saputo del sequestro del cantiere della nuova Curva Sud all\u2019Euganeo da parte della Guardia di Finanza, ho provato un dispiacere immenso, da farmi quasi tremare le gambe. Certo chi vi parla in questo momento \u00e8 il cuor di tifosa che urla sopra l\u2019aplomb della cronista silenziandolo. Ma non credo di esprimermi solo col sentimento se dico che, da quando \u00e8 nato nell\u2019ormai lontano 1994, l\u2019Euganeo non \u00e8 mai piaciuto e non ha mai fatto vibrare la sensibilit\u00e0 n\u00e9 le emozioni di alcun tifoso.<br>Questo stadio non \u00e8 mai stato attrattivo. E\u2019 sempre stato considerato freddo, <em>anaffettivo<\/em>, soprattutto perch\u00e9 \u00e8 andato a sostituire il tempio del calcio, il catino bollente, quell\u2019Appiani che, per chi l\u2019ha vissuto direttamente, rappresenta un ricordo stordente e impossibile da rimuovere, dal cuore prima che dalla mente. Le uniche due volte in cui questa glaciale cattedrale nel deserto si \u00e8 riempita anche nell\u2019anello superiore, dopo il tramonto dell\u2019ultima brevissima era in serie A nel 1996, \u00e8 stato nel 2011, in occasione di Padova-Novara finale playoff di serie B per tornare in A, e l\u2019estate scorsa per Padova-Palermo, finale playoff di serie C per la promozione in B. Per il resto \u00e8 gi\u00e0 tanto, se qualche volta, abbiamo superato le 10.000 persone sugli spalti.<br>In 26 anni non \u00e8 mai stato fatto nulla per migliorare la situazione, per cercare di avvicinare la gente: l\u2019Euganeo \u00e8 sempre rimasto l\u00ec, isolato, senza una viabilit\u00e0 decente a servirlo e senza un cavolo di bar o luogo di ritrovo per farne un punto di aggregazione anche in altri giorni della settimana diversi dalla domenica.<br>Quando l\u2019attuale amministrazione comunale ha pensato ad una curva nuova, a bordo campo, sfruttando il bando \u201csport e periferie\u201d e il credito sportivo, ho provato una gioia immensa. Ma, ribadisco, non (solo) perch\u00e9 sono tifosa e quindi la cosa mi tocca ovviamente da vicino, ma perch\u00e9 ho interpretato questo progetto come un modo per tornare dopo tanto tempo a valorizzare la squadra di calcio della citt\u00e0, il blasone e la storia che porta con s\u00e9. Il Padova non \u00e8 solo un insieme di ragazzi in mutande che rincorrono una palla che rotola, \u00e8 molto di pi\u00f9. E\u2019 un simbolo. Il club biancoscudato non \u00e8 solo \u201ccircenses\u201d ovvero divertimento riservato a chi quella sfera rotante la ama pi\u00f9 di qualunque altra cosa ma anche \u201cpanem\u201d ovvero possibilit\u00e0 per il tessuto economico di investire, per darsi visibilit\u00e0 attraverso lo sport pi\u00f9 bello e seguito al mondo.<br>Chi poteva prendersi a cuore la faccenda se non un sindaco che di quella squadra \u00e8 stato presidente e un assessore che nel calcio \u00e8 stato apprezzato professionista dal 1\u2019 al 45\u2019 minuto della sua vita e sa cosa vuol dire avere un tifo che ti trascina facendoti sentire il suo calore addosso alla pelle?<br>Sulle modalit\u00e0 con cui hanno agito, in qualit\u00e0 di amministratori comunali, non mi permetto di mettere lingua. C\u2019\u00e8 un\u2019inchiesta in corso che arriver\u00e0 a conclusione e ci dir\u00e0 se ci sono state azioni al di fuori della legalit\u00e0. Per l\u2019idea che hanno avuto non posso per\u00f2 che sciogliermi in un applauso. Certo lo stadio cos\u00ec \u00e8 asimmetrico, non \u00e8 bellissimo da vedere ed \u00e8 stata eliminata la pista d\u2019atletica (che, detto per inciso, nel corso della sua esistenza non ha fatto altro che ospitare un meeting gratuito all\u2019anno, che ora non \u00e8 che non si faccia pi\u00f9, ma semplicemente \u00e8 stato spostato al rinnovato e bellissimo stadio Colbachini dell\u2019Arcella, un autentico gioiellino che pi\u00f9 si conf\u00e0 alla manifestazione) ma tutto si pu\u00f2 dire della curva nuova fuorch\u00e9 che non sprigioni emozioni in chi l\u2019ha tanto attesa e desiderata, sognando di vedere una partita da quei gradoni attaccati al campo e non a 100 metri di distanza come quella che c\u2019era prima. Mi dispiace ma a me non sembra n\u00e9 un forno a microonde n\u00e9 l\u2019ingresso di un ospedale! E\u2019 solo il primo passo verso la valorizzazione di un impianto che per troppo tempo \u00e8 stato lasciato l\u00ec a ingrigirsi e intristirsi. Non pu\u00f2 essere un caso che la storia del Padova, dal 1994 in poi, aldil\u00e0 dei due anni in serie A, abbia vissuto pi\u00f9 fasi di declino che di gloria. Son passati quasi tre decenni, abbiamo la prova e la controprova di questo. Da un primo passo si doveva partire. Meglio cos\u00ec che continuare a rimanere immobili e lamentarsi che del calcio, a Padova, non frega pi\u00f9 nulla a nessuno.<\/p>\n","protected":false},"excerpt":{"rendered":"<p>Un colpo al cuore. Non scherzo se dico che, quando ho saputo del sequestro del cantiere della nuova Curva Sud all\u2019Euganeo da parte della Guardia di Finanza, ho provato un dispiacere immenso, da farmi quasi tremare le gambe. Certo chi vi parla in questo momento \u00e8 il cuor di tifosa che urla sopra l\u2019aplomb della&#8230;  <a class=\"excerpt-read-more\" href=\"https:\/\/blog.telenuovo.it\/martina-moscato\/2022\/11\/12\/eppur-mi-emoziona\/\" title=\"Read EPPUR MI EMOZIONA&#8230;\">Leggi tutto &raquo;<\/a><\/p>\n","protected":false},"author":5,"featured_media":0,"comment_status":"open","ping_status":"open","sticky":false,"template":"","format":"standard","meta":[],"categories":[1],"tags":[],"_links":{"self":[{"href":"https:\/\/blog.telenuovo.it\/martina-moscato\/wp-json\/wp\/v2\/posts\/3330"}],"collection":[{"href":"https:\/\/blog.telenuovo.it\/martina-moscato\/wp-json\/wp\/v2\/posts"}],"about":[{"href":"https:\/\/blog.telenuovo.it\/martina-moscato\/wp-json\/wp\/v2\/types\/post"}],"author":[{"embeddable":true,"href":"https:\/\/blog.telenuovo.it\/martina-moscato\/wp-json\/wp\/v2\/users\/5"}],"replies":[{"embeddable":true,"href":"https:\/\/blog.telenuovo.it\/martina-moscato\/wp-json\/wp\/v2\/comments?post=3330"}],"version-history":[{"count":1,"href":"https:\/\/blog.telenuovo.it\/martina-moscato\/wp-json\/wp\/v2\/posts\/3330\/revisions"}],"predecessor-version":[{"id":3331,"href":"https:\/\/blog.telenuovo.it\/martina-moscato\/wp-json\/wp\/v2\/posts\/3330\/revisions\/3331"}],"wp:attachment":[{"href":"https:\/\/blog.telenuovo.it\/martina-moscato\/wp-json\/wp\/v2\/media?parent=3330"}],"wp:term":[{"taxonomy":"category","embeddable":true,"href":"https:\/\/blog.telenuovo.it\/martina-moscato\/wp-json\/wp\/v2\/categories?post=3330"},{"taxonomy":"post_tag","embeddable":true,"href":"https:\/\/blog.telenuovo.it\/martina-moscato\/wp-json\/wp\/v2\/tags?post=3330"}],"curies":[{"name":"wp","href":"https:\/\/api.w.org\/{rel}","templated":true}]}}