{"id":947,"date":"2015-06-12T13:29:41","date_gmt":"2015-06-12T11:29:41","guid":{"rendered":"http:\/\/blog.telenuovo.it\/martina-moscato\/?p=947"},"modified":"2015-06-12T13:31:55","modified_gmt":"2015-06-12T11:31:55","slug":"la-malinconia-dellultimo-giorno-di-scuola","status":"publish","type":"post","link":"https:\/\/blog.telenuovo.it\/martina-moscato\/2015\/06\/12\/la-malinconia-dellultimo-giorno-di-scuola\/","title":{"rendered":"LA MALINCONIA DELL&#8217;ULTIMO GIORNO DI SCUOLA"},"content":{"rendered":"<p>Sono stata un po&#8217; senza scrivere, leggendo comunque tutti i vostri commenti quotidianamente sui pi\u00f9 disparati argomenti. Mercato, riconferme, partenze, possibili arrivi, stadio, perfino il Vicenza \u00e8 entrato a far parte degli argomenti di questi giorni, visto che sta vivendo una situazione simile alla nostra di un anno fa.<\/p>\n<p>Non ho scritto niente in questi giorni perch\u00e9 non riesco in nessun modo a far andare via la malinconia che mi ha preso da quando i lunghi festeggiamenti per la promozione del Padova sono terminati. Lo so, ho quasi 41 anni (ma una testa non assolutamente all&#8217;altezza della carta d&#8217;identit\u00e0, me lo dico da sola!), non dovrei farmi prendere da certe sensazioni, dovrei essere pi\u00f9 razionale, visto anche il lavoro che tento di fare tutti i giorni da pi\u00f9 di vent&#8217;anni. Ma non \u00e8 facile separarsi da questa splendida stagione e da tutte le persone che l&#8217;hanno condivisa con me, con noi, voltando cos\u00ec pagina.<\/p>\n<p>Eppure \u00e8 arrivato il momento di farlo: l&#8217;annata 2014-2015 se ne deve andare in soffitta, con tutti i bei ricordi che si porta dietro e che spesso andremo a ripescare per concederci qualche minuto di sano benessere interiore. Dobbiamo (devo!) pensare solo al prossimo campionato di Lega Pro. E lasciar lavorare due persone, quali il direttore sportivo De Poli e l&#8217;allenatore Parlato, con la massima fiducia, visto quello che son riusciti a fare, in fretta e furia, l&#8217;estate scorsa costruendo un Padova che tanto stiamo amando.<\/p>\n<p>Da oggi dunque mi tolgo la patina della malinconia da ultimo giorno di scuola e comincio a pensare al futuro. Comincio con 3 settimane di ferie da luned\u00ec (che senz&#8217;altro mi aiuteranno e non poco!): torner\u00f2 giusto in tempo per raccontarvi il ritrovo, la partenza per il ritiro, il ritiro e tutto quel che verr\u00e0 dopo!<\/p>\n<p>Prima dell&#8217;inizio della nuova avventura per\u00f2 Telenuovo vi lascer\u00e0 un ultimo, importante, sentito ricordo del campionato della rinascita: una rivista celebrativa di questo campionato di serie D abbinata ad un dvd che uscir\u00e0 in edicola tra qualche giorno. Vi far\u00f2 sapere io il giorno esatto a partire dal quale potrete trovarla e acquistarla. Spero cos\u00ec di regalarvi un&#8217;altra, intensa, emozione biancoscudata! Da vedere e rivedere ogni volta che quella maledetta malinconia proprio non se ne vorr\u00e0 andare! \ud83d\ude42<\/p>\n","protected":false},"excerpt":{"rendered":"<p>Sono stata un po&#8217; senza scrivere, leggendo comunque tutti i vostri commenti quotidianamente sui pi\u00f9 disparati argomenti. Mercato, riconferme, partenze, possibili arrivi, stadio, perfino il Vicenza \u00e8 entrato a far parte degli argomenti di questi giorni, visto che sta vivendo una situazione simile alla nostra di un anno fa. Non ho scritto niente in questi&#8230;  <a class=\"excerpt-read-more\" href=\"https:\/\/blog.telenuovo.it\/martina-moscato\/2015\/06\/12\/la-malinconia-dellultimo-giorno-di-scuola\/\" title=\"Read LA MALINCONIA DELL&#8217;ULTIMO GIORNO DI SCUOLA\">Leggi tutto &raquo;<\/a><\/p>\n","protected":false},"author":5,"featured_media":0,"comment_status":"open","ping_status":"open","sticky":false,"template":"","format":"standard","meta":[],"categories":[1],"tags":[],"_links":{"self":[{"href":"https:\/\/blog.telenuovo.it\/martina-moscato\/wp-json\/wp\/v2\/posts\/947"}],"collection":[{"href":"https:\/\/blog.telenuovo.it\/martina-moscato\/wp-json\/wp\/v2\/posts"}],"about":[{"href":"https:\/\/blog.telenuovo.it\/martina-moscato\/wp-json\/wp\/v2\/types\/post"}],"author":[{"embeddable":true,"href":"https:\/\/blog.telenuovo.it\/martina-moscato\/wp-json\/wp\/v2\/users\/5"}],"replies":[{"embeddable":true,"href":"https:\/\/blog.telenuovo.it\/martina-moscato\/wp-json\/wp\/v2\/comments?post=947"}],"version-history":[{"count":3,"href":"https:\/\/blog.telenuovo.it\/martina-moscato\/wp-json\/wp\/v2\/posts\/947\/revisions"}],"predecessor-version":[{"id":953,"href":"https:\/\/blog.telenuovo.it\/martina-moscato\/wp-json\/wp\/v2\/posts\/947\/revisions\/953"}],"wp:attachment":[{"href":"https:\/\/blog.telenuovo.it\/martina-moscato\/wp-json\/wp\/v2\/media?parent=947"}],"wp:term":[{"taxonomy":"category","embeddable":true,"href":"https:\/\/blog.telenuovo.it\/martina-moscato\/wp-json\/wp\/v2\/categories?post=947"},{"taxonomy":"post_tag","embeddable":true,"href":"https:\/\/blog.telenuovo.it\/martina-moscato\/wp-json\/wp\/v2\/tags?post=947"}],"curies":[{"name":"wp","href":"https:\/\/api.w.org\/{rel}","templated":true}]}}