{"id":1206,"date":"2018-02-11T02:28:12","date_gmt":"2018-02-11T01:28:12","guid":{"rendered":"http:\/\/blog.telenuovo.it\/nino-gazzini\/?p=1206"},"modified":"2018-02-11T02:28:12","modified_gmt":"2018-02-11T01:28:12","slug":"ma-la-cronaca-nera-e-per-caso-un-coefficiente-di-democrazia","status":"publish","type":"post","link":"https:\/\/blog.telenuovo.it\/nino-gazzini\/2018\/02\/11\/ma-la-cronaca-nera-e-per-caso-un-coefficiente-di-democrazia\/","title":{"rendered":"&#8230;MA LA &#8220;cronaca nera&#8221; E&#8217; PER CASO UN COEFFICIENTE DI DEMOCRAZIA?"},"content":{"rendered":"<p>A chi ha avuto la fortuna di poter studiare, qualche difesa immunitaria pu\u00f2 essere diventata patrimonio del disgusto e del rifiuto.<br \/>\nMa per la maggioranza credo di no.<br \/>\nLa &#8220;cronaca nera&#8221;, specie delle tv, \u00e8 diventata un ricettacolo indegno.<br \/>\nNon mi riferisco al &#8220;gangster di Macerata&#8221; su cui ho un&#8217;opinione certa e lineare.<br \/>\nIl massacro di Pamela Mastropietro \u00e8 l\u00ec a dimostrarci, noi attoniti, che il belluino \u00e8 ancora in molti dna, non solo forestieri.<br \/>\nMa che &#8220;senso&#8221; (?) pu\u00f2 avere spiegare che dal corpo martoriato di Pamela &#8220;&#8230;mancano le interiora ed il cuore&#8221;&#8230;(testuale!)&#8221;.<br \/>\nQuale senso pu\u00f2 avere quello di IPOTIZZARE un macacabro rito (presunto) tribale, in quello che appare uno dei pi\u00f9 efferati omicidi degli ultimi anni?<br \/>\nCHI, ripeto CHI, tra la massa di telaspettatori ha una minima nozione dei riti &#8220;Voodoo&#8221;, e che cosa aggiungerebbe questa SUPPOSTA ed INDIMOSTRATA ipotesi al delitto.<br \/>\nTre giorni dopo (!) l&#8217;apertura del tg Sky \u00e8: &#8220;uccisa a coltellate da chi l&#8217;ospitava&#8230;<br \/>\nAPERTURA di un tg internazionale!<br \/>\nE la sequela senza pudore, NON AUTOCENSURA, \u00e8 diventata infinita.<br \/>\nNon dir\u00f2 del delitto di Cogne, anni fa, dove la madre uccide il proprio figlio nella culla, con Bruno Vespa che fa DIECI TRASMISSIONI con tanto di plastici illustrativi ed una pletora di &#8220;esperti&#8221; dove due su dieci si rifiutano di seguire la linea di Vespa.<br \/>\nLa dittature hanno sempre dato forti disposizioni affinch\u00e8 la cronaca nera sparisse dai Giornali.<br \/>\nMussolini la considerava &#8220;eversiva ed emulativa&#8221; e sotto il regime pi\u00f9 bello del mondo nessuno poteva avere idee criminali.<br \/>\nStalin?<br \/>\nStessa linea con varianti sbrigative: sparizione dei corpi dei &#8220;rei&#8221; con processi farsa.<br \/>\nIl Nazismo, beh aveva una criminalit\u00e0 endemica, che seppe criminalmente gestire come &#8220;patrimonio&#8221; (?!?) nazionale, talura ludico \ud83d\ude41 .<br \/>\nLa Cina?<br \/>\nNon conosco bene le metodiche, ma so che le esecuzioni sono pubbliche e che la pallottola che ti uccide te la devi pagare.<br \/>\nNegli anni &#8217;50 avevo un&#8217;edicola (di mia nonna) e ricordo che la rivista &#8220;CRIMEN&#8221; era tra le pi\u00f9 vendute.<br \/>\nMi pare sia stata rieditata.<br \/>\nSignificato sociologico?<br \/>\nLasciamo perdere.<br \/>\nDa qualche anno leggo l&#8217;unico quotidiano (di difficile lettura) che non tratta la cronaca nera, se non raramente e sotto forma di analisi motivazionale: IL FOGLIO.<br \/>\nPoi ho costruito un&#8217;autodifesa: non guardo pi\u00f9 i tg in diretta, li registro, e quando c&#8217;\u00e8 la cronaca nera faccio l&#8217;avanzameto veloce sulla notizia.<br \/>\nQuesto \u00e8 un Blog e passi.<br \/>\nMa la cosa \u00e8 estremamente pi\u00f9 seria.<br \/>\nCi rifletta chi ha voglia e strumenti intellettuali adeguati.<br \/>\nCon comprensione, Gazza vostro.<\/p>\n","protected":false},"excerpt":{"rendered":"<p>A chi ha avuto la fortuna di poter studiare, qualche difesa immunitaria pu\u00f2 essere diventata patrimonio del disgusto e del rifiuto. Ma per la maggioranza credo di no. La &#8220;cronaca nera&#8221;, specie delle tv, \u00e8 diventata un ricettacolo indegno. Non mi riferisco al &#8220;gangster di Macerata&#8221; su cui ho un&#8217;opinione certa e lineare. Il massacro&#8230;  <a class=\"excerpt-read-more\" href=\"https:\/\/blog.telenuovo.it\/nino-gazzini\/2018\/02\/11\/ma-la-cronaca-nera-e-per-caso-un-coefficiente-di-democrazia\/\" title=\"Read &#8230;MA LA &#8220;cronaca nera&#8221; E&#8217; PER CASO UN COEFFICIENTE DI DEMOCRAZIA?\">Leggi tutto &raquo;<\/a><\/p>\n","protected":false},"author":8,"featured_media":0,"comment_status":"open","ping_status":"open","sticky":false,"template":"","format":"standard","meta":[],"categories":[1],"tags":[],"_links":{"self":[{"href":"https:\/\/blog.telenuovo.it\/nino-gazzini\/wp-json\/wp\/v2\/posts\/1206"}],"collection":[{"href":"https:\/\/blog.telenuovo.it\/nino-gazzini\/wp-json\/wp\/v2\/posts"}],"about":[{"href":"https:\/\/blog.telenuovo.it\/nino-gazzini\/wp-json\/wp\/v2\/types\/post"}],"author":[{"embeddable":true,"href":"https:\/\/blog.telenuovo.it\/nino-gazzini\/wp-json\/wp\/v2\/users\/8"}],"replies":[{"embeddable":true,"href":"https:\/\/blog.telenuovo.it\/nino-gazzini\/wp-json\/wp\/v2\/comments?post=1206"}],"version-history":[{"count":1,"href":"https:\/\/blog.telenuovo.it\/nino-gazzini\/wp-json\/wp\/v2\/posts\/1206\/revisions"}],"predecessor-version":[{"id":1209,"href":"https:\/\/blog.telenuovo.it\/nino-gazzini\/wp-json\/wp\/v2\/posts\/1206\/revisions\/1209"}],"wp:attachment":[{"href":"https:\/\/blog.telenuovo.it\/nino-gazzini\/wp-json\/wp\/v2\/media?parent=1206"}],"wp:term":[{"taxonomy":"category","embeddable":true,"href":"https:\/\/blog.telenuovo.it\/nino-gazzini\/wp-json\/wp\/v2\/categories?post=1206"},{"taxonomy":"post_tag","embeddable":true,"href":"https:\/\/blog.telenuovo.it\/nino-gazzini\/wp-json\/wp\/v2\/tags?post=1206"}],"curies":[{"name":"wp","href":"https:\/\/api.w.org\/{rel}","templated":true}]}}