{"id":1242,"date":"2018-05-11T01:21:46","date_gmt":"2018-05-10T23:21:46","guid":{"rendered":"http:\/\/blog.telenuovo.it\/nino-gazzini\/?p=1242"},"modified":"2018-05-11T01:21:46","modified_gmt":"2018-05-10T23:21:46","slug":"lo-scienziato-david-goodall-e-le-gemelle-berritta-mi-o-ci-creano-qualche-grosso-problema","status":"publish","type":"post","link":"https:\/\/blog.telenuovo.it\/nino-gazzini\/2018\/05\/11\/lo-scienziato-david-goodall-e-le-gemelle-berritta-mi-o-ci-creano-qualche-grosso-problema\/","title":{"rendered":"LO SCIENZIATO David Goodall e LE GEMELLE Berritta MI o CI (?) CREANO QUALCHE GROSSO PROBLEMA"},"content":{"rendered":"<p>Lo Scienziato, botanico di fama mondiale, David Goodall al compimento del 104esimo anno ha deciso per la sua &#8220;morte assistita&#8221;: &#8220;&#8230;non sono pi\u00f9 felice, sono anzi molto triste perch\u00e8 la mia et\u00e0 non mi permette pi\u00f9 di avere una vita normale, n\u00e8 come uomo, n\u00e8 come studioso&#8230;&#8221;.<br \/>\nLe gemelle Rosa e Vittoria Berritta, al netto delle interpretazioni delle loro parole fatte dal giornalista, parlano di come hanno condotto la loro sana (!) vita, danno anche consigli, fanno anche qualche critica a chi \u00e8 pi\u00f9 &#8220;giovane&#8221; di loro, praticamente il 98% della popolazione mondiale.<br \/>\nEro gi\u00e0 a letto e mi \u00e8 venuta stranamente questa connessione improvvisa, quasi sovrapensiero.<br \/>\nMi sono alzato e sono venuto al computer per offrirvi queste due notizie contemporanee.<br \/>\nUna (una sola?!) riflessione a quest&#8217;ora non mi pare il caso.<br \/>\nChi invece l&#8217;avesse gi\u00e0, pu\u00f2 offrirla agli altri lettori.<\/p>\n","protected":false},"excerpt":{"rendered":"<p>Lo Scienziato, botanico di fama mondiale, David Goodall al compimento del 104esimo anno ha deciso per la sua &#8220;morte assistita&#8221;: &#8220;&#8230;non sono pi\u00f9 felice, sono anzi molto triste perch\u00e8 la mia et\u00e0 non mi permette pi\u00f9 di avere una vita normale, n\u00e8 come uomo, n\u00e8 come studioso&#8230;&#8221;. Le gemelle Rosa e Vittoria Berritta, al netto&#8230;  <a class=\"excerpt-read-more\" href=\"https:\/\/blog.telenuovo.it\/nino-gazzini\/2018\/05\/11\/lo-scienziato-david-goodall-e-le-gemelle-berritta-mi-o-ci-creano-qualche-grosso-problema\/\" title=\"Read LO SCIENZIATO David Goodall e LE GEMELLE Berritta MI o CI (?) CREANO QUALCHE GROSSO PROBLEMA\">Leggi tutto &raquo;<\/a><\/p>\n","protected":false},"author":8,"featured_media":0,"comment_status":"open","ping_status":"open","sticky":false,"template":"","format":"standard","meta":[],"categories":[1],"tags":[],"_links":{"self":[{"href":"https:\/\/blog.telenuovo.it\/nino-gazzini\/wp-json\/wp\/v2\/posts\/1242"}],"collection":[{"href":"https:\/\/blog.telenuovo.it\/nino-gazzini\/wp-json\/wp\/v2\/posts"}],"about":[{"href":"https:\/\/blog.telenuovo.it\/nino-gazzini\/wp-json\/wp\/v2\/types\/post"}],"author":[{"embeddable":true,"href":"https:\/\/blog.telenuovo.it\/nino-gazzini\/wp-json\/wp\/v2\/users\/8"}],"replies":[{"embeddable":true,"href":"https:\/\/blog.telenuovo.it\/nino-gazzini\/wp-json\/wp\/v2\/comments?post=1242"}],"version-history":[{"count":1,"href":"https:\/\/blog.telenuovo.it\/nino-gazzini\/wp-json\/wp\/v2\/posts\/1242\/revisions"}],"predecessor-version":[{"id":1245,"href":"https:\/\/blog.telenuovo.it\/nino-gazzini\/wp-json\/wp\/v2\/posts\/1242\/revisions\/1245"}],"wp:attachment":[{"href":"https:\/\/blog.telenuovo.it\/nino-gazzini\/wp-json\/wp\/v2\/media?parent=1242"}],"wp:term":[{"taxonomy":"category","embeddable":true,"href":"https:\/\/blog.telenuovo.it\/nino-gazzini\/wp-json\/wp\/v2\/categories?post=1242"},{"taxonomy":"post_tag","embeddable":true,"href":"https:\/\/blog.telenuovo.it\/nino-gazzini\/wp-json\/wp\/v2\/tags?post=1242"}],"curies":[{"name":"wp","href":"https:\/\/api.w.org\/{rel}","templated":true}]}}