{"id":1425,"date":"2018-12-16T20:52:42","date_gmt":"2018-12-16T19:52:42","guid":{"rendered":"https:\/\/blog.telenuovo.it\/nino-gazzini\/?p=1425"},"modified":"2018-12-16T20:52:42","modified_gmt":"2018-12-16T19:52:42","slug":"come-virgilio","status":"publish","type":"post","link":"https:\/\/blog.telenuovo.it\/nino-gazzini\/2018\/12\/16\/come-virgilio\/","title":{"rendered":"COME VIRGILIO&#8230;"},"content":{"rendered":"<p>No, non si tratta del Virgilio fruttarolo che negli anni &#8217;50 e parte dei &#8217;60 aveva la piccola bottega sull&#8217;angolo tra Vicolo Pietrone e Via Antonio Provolo.<\/p>\n<p>Era una persona buona e chiudeva sempre un occhio quando andavo a rubacchiare da bambino qualche &#8220;pometo lazar\u00ecn, qualche zinz\u00f2la, qualche carobola e qualche brombrigolo (castagna essicata- orrenda, ma la tenevi in bocca per un&#8217;ora e ti sembrava di essere sazio, parlo del 1953 e dintorni)&#8221;.<\/p>\n<p>No il Virgilio cui mi riferisco \u00e8 il Poeta che guida Dante nella selva oscura e, ahim\u00e8 per un poeta cos\u00ec grande, egli confessa a Dante che a un certo punto l&#8217;abbandoner\u00e0 nel viaggio, perch\u00e8 si trova &#8220;&#8230; tra color che son sospesi&#8230;&#8221;, nel Limbo, ove resteranno per sempre senza mai poter vedere il Creatore perch\u00e8&#8230;, gi\u00e0 perch\u00e8? Perch\u00e8 sono vissuti e morti prima d&#8217;incontrare il Cristo.<\/p>\n<p>E non c&#8217;\u00e8 grandezza e purezza che tenga, se eri nato prima dell&#8217;avvento del Cristo, il massimo che ti spettava era il Limbo.<\/p>\n<p>E perch\u00e8 io mi troverei sospeso come Virgilio, e per quale peccato poi?<\/p>\n<p>Presto detto: non amo per niente la canzone dialettale tranne quella meneghina e&#8230; napoletana (Nino d&#8217;Angelo rigorosamente escluso s&#8217;intende).<\/p>\n<p>Insomma questo topic nasce, s\u00ec\u00a0 nasce, da una bellissima canzone napoletana che talora canticchio (Reginella), ma alcuni giorni fa mi son trovato a riflettere sulla splendida strofa finale, ed in particolare quel&#8230; &#8220;Mo nun ce amammo cchi\u00f9 ma e vvote tu, DISTRATTAMENTE PIENZE A ME!<\/p>\n<p>Quel &#8220;DISTRATTAMENTE&#8230; pienze a me&#8221; \u00e8 fantastico, racchiude tutto, tutto quello che se non l&#8217;hai provato non puoi capire, ma se sei davvero intelligente s\u00ec.<\/p>\n<p>Dopo questa premessa, il Topic si svolger\u00e0 nella ricerca e citazione di strofe particolarment significative in s\u00e8, quasi &#8220;riassuntive&#8221; e viventi di luce propria che quasi non hanno bisogno del testo che le precede.<\/p>\n<p>Varr\u00e0 prevalentemente per la musica (ma \u00e8 solo un mio desiderio totalmente disattendibile), per il cinema con una frase che &#8220;vive da s\u00e8&#8221;, per la poesia con una singola strofa, con un romanzo con un incipit o una chiusura particolari (ma anche una frase del romanzo stesso&#8221;.<\/p>\n<p>Spero sia chiara la &#8220;logica&#8221; che vi propongo, da incallito chiaccherone quale sono e fui,\u00a0 adoro la sintesi fulminante che accende le sinapsi come null&#8217;altro.<\/p>\n<p>Let&#8217;s go guys!<\/p>\n","protected":false},"excerpt":{"rendered":"<p>No, non si tratta del Virgilio fruttarolo che negli anni &#8217;50 e parte dei &#8217;60 aveva la piccola bottega sull&#8217;angolo tra Vicolo Pietrone e Via Antonio Provolo. Era una persona buona e chiudeva sempre un occhio quando andavo a rubacchiare da bambino qualche &#8220;pometo lazar\u00ecn, qualche zinz\u00f2la, qualche carobola e qualche brombrigolo (castagna essicata- orrenda,&#8230;  <a class=\"excerpt-read-more\" href=\"https:\/\/blog.telenuovo.it\/nino-gazzini\/2018\/12\/16\/come-virgilio\/\" title=\"Read COME VIRGILIO&#8230;\">Leggi tutto &raquo;<\/a><\/p>\n","protected":false},"author":8,"featured_media":0,"comment_status":"open","ping_status":"open","sticky":false,"template":"","format":"standard","meta":[],"categories":[1],"tags":[],"_links":{"self":[{"href":"https:\/\/blog.telenuovo.it\/nino-gazzini\/wp-json\/wp\/v2\/posts\/1425"}],"collection":[{"href":"https:\/\/blog.telenuovo.it\/nino-gazzini\/wp-json\/wp\/v2\/posts"}],"about":[{"href":"https:\/\/blog.telenuovo.it\/nino-gazzini\/wp-json\/wp\/v2\/types\/post"}],"author":[{"embeddable":true,"href":"https:\/\/blog.telenuovo.it\/nino-gazzini\/wp-json\/wp\/v2\/users\/8"}],"replies":[{"embeddable":true,"href":"https:\/\/blog.telenuovo.it\/nino-gazzini\/wp-json\/wp\/v2\/comments?post=1425"}],"version-history":[{"count":1,"href":"https:\/\/blog.telenuovo.it\/nino-gazzini\/wp-json\/wp\/v2\/posts\/1425\/revisions"}],"predecessor-version":[{"id":1428,"href":"https:\/\/blog.telenuovo.it\/nino-gazzini\/wp-json\/wp\/v2\/posts\/1425\/revisions\/1428"}],"wp:attachment":[{"href":"https:\/\/blog.telenuovo.it\/nino-gazzini\/wp-json\/wp\/v2\/media?parent=1425"}],"wp:term":[{"taxonomy":"category","embeddable":true,"href":"https:\/\/blog.telenuovo.it\/nino-gazzini\/wp-json\/wp\/v2\/categories?post=1425"},{"taxonomy":"post_tag","embeddable":true,"href":"https:\/\/blog.telenuovo.it\/nino-gazzini\/wp-json\/wp\/v2\/tags?post=1425"}],"curies":[{"name":"wp","href":"https:\/\/api.w.org\/{rel}","templated":true}]}}