{"id":1506,"date":"2019-05-20T17:05:40","date_gmt":"2019-05-20T15:05:40","guid":{"rendered":"https:\/\/blog.telenuovo.it\/nino-gazzini\/?p=1506"},"modified":"2019-05-20T17:05:40","modified_gmt":"2019-05-20T15:05:40","slug":"ben-ala-i-te-ciava-de-poco","status":"publish","type":"post","link":"https:\/\/blog.telenuovo.it\/nino-gazzini\/2019\/05\/20\/ben-ala-i-te-ciava-de-poco\/","title":{"rendered":"BEN ALA&#8217;, I TE CIAVA DE POCO&#8230;"},"content":{"rendered":"<p>La traduzione, per chi non conoscesse il dialetto, suona pi\u00f9 o meno cos\u00ec: Va bene lo stesso, infine mi fregano di poco&#8230;<\/p>\n<p>Si tratta di un&#8217;espressione dialettale molto vecchia, sicuramente di oltre un secolo fa e, a mio sindacabilissimo parere, \u00e8 piena di &#8220;filosofia esistenziale&#8221; per coloro che abbiano superato la settantina.<\/p>\n<p>Per gli altri potrebbe esserci ancora qualche lume di progettualit\u00e0 futura.<\/p>\n<p>Nonostante le mie origini e frequentazioni molto popolane, non l&#8217;avevo mai sentita.<\/p>\n<p>Ero al telefono con un amico mio coetaneo e, come capita spesso a questa et\u00e0, ci si chiede &#8220;com&#8217;ela&#8221; (come va), ma pi\u00f9 che una richiesta generica viene riferita a vecchie e nuove\u00a0 &#8220;magagne&#8221; (acciacchi, nuove malattie e dintorni).<\/p>\n<p>Io stavo dicendo al mio amico che, a causa delle vecchie e nuove &#8220;magagne&#8221;, i medici mi hanno (invano) consigliato di non fare il mio prossimo e imminente viaggio in Africa.<\/p>\n<p>&#8220;Ti puoi figurare, dico all&#8217;amico, ho fatto un mutuo bancario che m&#8217;impicca per costruire una piccola fattoria nel paese di mia moglie e per il suo futuro, non la vedo da un anno e, fosse l&#8217;ultima cosa che faccio, IO PARTO!<\/p>\n<p>Non sono un eroe idiota e sconsiderato, ho fatto fino a poco tempo fa una vita piena di soddisfazioni professionali, sentimentali, nei miei viaggi in Europa e in Africa ho avuto incontri, conosciuto e frequentato personaggi che starebbero benissimo in molti romanzi seri, ho &#8220;assorbito&#8221; e talora praticato il meglio di quelli che ho considerato insegnamenti da parte di qualche straordinario amico che non c&#8217;\u00e8 pi\u00f9, non ho nesuno da accudire se non me stesso e mia moglie (a 6.000 Km. di distanza&#8230;), e IO PARTO.<\/p>\n<p>La risposta del mio amico interlocutore \u00e8 stata: &#8220;&#8230; eh Gasen (lui mi chiama cos\u00ec), per me hai ragione, tanto con tutto quello che ti sei goduto, in mezzo a qualche malaugurata disgrazia (la morte di mio figlio), BEN ALA&#8217; I TE CIAVA DE POCO&#8230;&#8221;.<\/p>\n<p>Quel &#8220;I TE CIAVA&#8221; \u00e8 una sorta di metafora rispettosa per indicare &#8220;La Grande Sorella di tutti&#8221; (la Morte).<\/p>\n<p>Di fronte alla mia sorpresa per una frase cos\u00ec densa di significati (chi vuol capire capisca e per gli altri mi dispiace per loro), l&#8217;amico vuole precisare che il &#8220;concetto&#8221; non \u00e8 suo ma di sua nonna ottantenne, Sanzenata, defunta da quarant&#8217;anni, la quale l&#8217;aveva appresa dalla sua di nonna.<\/p>\n<p>Fatti due calcoli l&#8217;espressione &#8220;filosofica&#8221; ha minimo un secolo e mezzo.<\/p>\n<p>Ora tentare di interpretarne il contenuto che pu\u00f2 essere fatalistico-negativo o serenamente-fatalistico (e varianti), \u00e8 una cosa molto complessa per come lo sento io, quindi, poich\u00e8 ho un appuntamento assolutamente ineludibile se voglio partire, il resto lo troverete nel prossimo Topic di stasera, massimo domani.<\/p>\n<p>Nel frattempo, chi vuol cimentarsi con qualche riflessione, faccia pure.<\/p>\n<p>P.S.<\/p>\n<p>Poich\u00e8 nella vita non esistono solo quella bufala del sovranismo, lo sforamento del 3%, i neGri che ci inquinano la &#8220;razza&#8221;, i mitra o i lanciagranate portatili per difendere le nostre abitazioni e i rosari da baciare alla fine di un comizio POLITICO (!) che ricorda molto la Madonna Pellegrina delle elezioni del 1948&#8230;<\/p>\n<p>Per &#8220;par condicio&#8221; non parlo dei &#8220;figli delle stelle&#8221; perch\u00e8 mi pare che da quelle parti esista un vuoto pneumatico.<\/p>\n<p>Ecco, appunto, poich\u00e8 c&#8217;\u00e8 ANCHE un&#8217;esistenza personale, pi\u00f9 o meno densa di significati, chi considerasse liberamente il presente Topic una &#8220;stronzata&#8221;, si sta guardando allo specchio.<\/p>\n","protected":false},"excerpt":{"rendered":"<p>La traduzione, per chi non conoscesse il dialetto, suona pi\u00f9 o meno cos\u00ec: Va bene lo stesso, infine mi fregano di poco&#8230; Si tratta di un&#8217;espressione dialettale molto vecchia, sicuramente di oltre un secolo fa e, a mio sindacabilissimo parere, \u00e8 piena di &#8220;filosofia esistenziale&#8221; per coloro che abbiano superato la settantina. Per gli altri&#8230;  <a class=\"excerpt-read-more\" href=\"https:\/\/blog.telenuovo.it\/nino-gazzini\/2019\/05\/20\/ben-ala-i-te-ciava-de-poco\/\" title=\"Read BEN ALA&#8217;, I TE CIAVA DE POCO&#8230;\">Leggi tutto &raquo;<\/a><\/p>\n","protected":false},"author":8,"featured_media":0,"comment_status":"open","ping_status":"open","sticky":false,"template":"","format":"standard","meta":[],"categories":[1],"tags":[],"_links":{"self":[{"href":"https:\/\/blog.telenuovo.it\/nino-gazzini\/wp-json\/wp\/v2\/posts\/1506"}],"collection":[{"href":"https:\/\/blog.telenuovo.it\/nino-gazzini\/wp-json\/wp\/v2\/posts"}],"about":[{"href":"https:\/\/blog.telenuovo.it\/nino-gazzini\/wp-json\/wp\/v2\/types\/post"}],"author":[{"embeddable":true,"href":"https:\/\/blog.telenuovo.it\/nino-gazzini\/wp-json\/wp\/v2\/users\/8"}],"replies":[{"embeddable":true,"href":"https:\/\/blog.telenuovo.it\/nino-gazzini\/wp-json\/wp\/v2\/comments?post=1506"}],"version-history":[{"count":2,"href":"https:\/\/blog.telenuovo.it\/nino-gazzini\/wp-json\/wp\/v2\/posts\/1506\/revisions"}],"predecessor-version":[{"id":1524,"href":"https:\/\/blog.telenuovo.it\/nino-gazzini\/wp-json\/wp\/v2\/posts\/1506\/revisions\/1524"}],"wp:attachment":[{"href":"https:\/\/blog.telenuovo.it\/nino-gazzini\/wp-json\/wp\/v2\/media?parent=1506"}],"wp:term":[{"taxonomy":"category","embeddable":true,"href":"https:\/\/blog.telenuovo.it\/nino-gazzini\/wp-json\/wp\/v2\/categories?post=1506"},{"taxonomy":"post_tag","embeddable":true,"href":"https:\/\/blog.telenuovo.it\/nino-gazzini\/wp-json\/wp\/v2\/tags?post=1506"}],"curies":[{"name":"wp","href":"https:\/\/api.w.org\/{rel}","templated":true}]}}