{"id":1515,"date":"2019-06-05T00:25:09","date_gmt":"2019-06-04T22:25:09","guid":{"rendered":"https:\/\/blog.telenuovo.it\/nino-gazzini\/?p=1515"},"modified":"2019-06-05T00:25:09","modified_gmt":"2019-06-04T22:25:09","slug":"ben-ala-i-me-ciava-de-poco-libera-esegesi","status":"publish","type":"post","link":"https:\/\/blog.telenuovo.it\/nino-gazzini\/2019\/06\/05\/ben-ala-i-me-ciava-de-poco-libera-esegesi\/","title":{"rendered":"BEN ALA&#8217; I ME CIAVA DE POCO (Libera Esegesi)"},"content":{"rendered":"<p>Visto che l&#8217;assioma di Murphy ha ennesimamente funzionato\u00a0 regalandomi febbre, tosse e mocceria varia, scriverei cose insensate e chi lo pensasse sarebbe nel giusto.<\/p>\n<p>Quel motto antico mi intriga molto da quando ho cominciato a pensare a come, dove possa essere nato e chi lo ha pronunciato per primo e in risposta a cosa.<\/p>\n<p>Perch\u00e8 sono sempre pi\u00f9 convinto che pi\u00f9 lo si retrodata, non sia stata una persona anziana, o un bello spirito a coniarlo.<\/p>\n<p>Un attor buffon di uno dei tanti Carri di Tespi della tradizione popolare italiana?<\/p>\n<p>O come faceva qualcuno, qualche secolo fa,\u00a0 sapere se &#8220;lo fregavano di poco o di tanto&#8221;, mica esistevano le tabelle INPS sul &#8220;tempo atteso di vita&#8221;?<\/p>\n<p>Un Filosofo? Beh quelli seri possono arrivare anche a riflessioni apparentemente poco serie.<\/p>\n<p>La mia opinione \u00e8 che il motto provenga da un povero disgraziato, morto di fame, quella vera, e di piccoli o piccolisimi desideri inappagati , con la profonda convinzione che tali sarebbero rimasti.<\/p>\n<p>Gli uomini e le donne &#8220;invisibili&#8221; al limite della immaterialit\u00e0 da parte delle moltitudini.<\/p>\n<p>In quel caso anche un individuo di trent&#8217;anni che sicuramente non \u00e8 mai stato considerato PERSONA, pu\u00f2 pensare che la Grande Sorella lo fregher\u00e0 di poco.<\/p>\n<p>Direi di niente.<\/p>\n","protected":false},"excerpt":{"rendered":"<p>Visto che l&#8217;assioma di Murphy ha ennesimamente funzionato\u00a0 regalandomi febbre, tosse e mocceria varia, scriverei cose insensate e chi lo pensasse sarebbe nel giusto. Quel motto antico mi intriga molto da quando ho cominciato a pensare a come, dove possa essere nato e chi lo ha pronunciato per primo e in risposta a cosa. Perch\u00e8&#8230;  <a class=\"excerpt-read-more\" href=\"https:\/\/blog.telenuovo.it\/nino-gazzini\/2019\/06\/05\/ben-ala-i-me-ciava-de-poco-libera-esegesi\/\" title=\"Read BEN ALA&#8217; I ME CIAVA DE POCO (Libera Esegesi)\">Leggi tutto &raquo;<\/a><\/p>\n","protected":false},"author":8,"featured_media":0,"comment_status":"open","ping_status":"open","sticky":false,"template":"","format":"standard","meta":[],"categories":[1],"tags":[],"_links":{"self":[{"href":"https:\/\/blog.telenuovo.it\/nino-gazzini\/wp-json\/wp\/v2\/posts\/1515"}],"collection":[{"href":"https:\/\/blog.telenuovo.it\/nino-gazzini\/wp-json\/wp\/v2\/posts"}],"about":[{"href":"https:\/\/blog.telenuovo.it\/nino-gazzini\/wp-json\/wp\/v2\/types\/post"}],"author":[{"embeddable":true,"href":"https:\/\/blog.telenuovo.it\/nino-gazzini\/wp-json\/wp\/v2\/users\/8"}],"replies":[{"embeddable":true,"href":"https:\/\/blog.telenuovo.it\/nino-gazzini\/wp-json\/wp\/v2\/comments?post=1515"}],"version-history":[{"count":2,"href":"https:\/\/blog.telenuovo.it\/nino-gazzini\/wp-json\/wp\/v2\/posts\/1515\/revisions"}],"predecessor-version":[{"id":1527,"href":"https:\/\/blog.telenuovo.it\/nino-gazzini\/wp-json\/wp\/v2\/posts\/1515\/revisions\/1527"}],"wp:attachment":[{"href":"https:\/\/blog.telenuovo.it\/nino-gazzini\/wp-json\/wp\/v2\/media?parent=1515"}],"wp:term":[{"taxonomy":"category","embeddable":true,"href":"https:\/\/blog.telenuovo.it\/nino-gazzini\/wp-json\/wp\/v2\/categories?post=1515"},{"taxonomy":"post_tag","embeddable":true,"href":"https:\/\/blog.telenuovo.it\/nino-gazzini\/wp-json\/wp\/v2\/tags?post=1515"}],"curies":[{"name":"wp","href":"https:\/\/api.w.org\/{rel}","templated":true}]}}