{"id":1596,"date":"2019-11-20T03:48:37","date_gmt":"2019-11-20T02:48:37","guid":{"rendered":"https:\/\/blog.telenuovo.it\/nino-gazzini\/?p=1596"},"modified":"2019-11-20T03:48:37","modified_gmt":"2019-11-20T02:48:37","slug":"verona-meno-ricca-no-ghe-verso","status":"publish","type":"post","link":"https:\/\/blog.telenuovo.it\/nino-gazzini\/2019\/11\/20\/verona-meno-ricca-no-ghe-verso\/","title":{"rendered":"VERONA MENO RICCA &#8220;NO GH&#8217;E&#8217; VERSO&#8221;&#8230;"},"content":{"rendered":"<p>Di tutto un po&#8217; e di qualcosa molto.<\/p>\n<p>Con la morte di Roberto Puliero Verona sar\u00e0 davvero pi\u00f9 povera.<\/p>\n<p>Di ironia caustica, fino al &#8220;lieve&#8221; (&#8230;) sarcasmo, che pare un ossimoro ma non lo \u00e8.<\/p>\n<p>Di satira vernacolare, anche***.<\/p>\n<p>Non dimenticando il &#8220;suo&#8221; Teatro.<\/p>\n<p>Ci conoscemmo alla met\u00e0 degli anni &#8217;70 quando chiesi al regista della Barcaccia, Giorgio Totola, di venire per una recita nella fabbrica ABITAL, occupata da un mese per la difesa del posto di lavoro.<\/p>\n<p>Allora Puliero era &#8220;Attor Primo&#8221; della Barcaccia.<\/p>\n<p>Una sua scelta di vita professionale nei primi anni &#8217;70 ebbe anche una non marginale, ma felice, conseguenza sulla mia vita.<\/p>\n<p>Quando glielo dissi, accolse la cosa con alcune gradite frasi, mai di circostanza, perch\u00e8 Puliero era anche cos\u00ec.<\/p>\n<p>&nbsp;<\/p>\n<p>Un mesto addio ad un gran personaggio della Verona Culturale e Sportiva.<\/p>\n<p>&nbsp;<\/p>\n<p>*** Non ho citato Beppe &#8220;El Bifido&#8221;, pur sapendo che \u00e8 un ottimo &#8220;vernacoliere&#8221;, perch\u00e8 non so se sia ancora in attivit\u00e0.<\/p>\n","protected":false},"excerpt":{"rendered":"<p>Di tutto un po&#8217; e di qualcosa molto. Con la morte di Roberto Puliero Verona sar\u00e0 davvero pi\u00f9 povera. Di ironia caustica, fino al &#8220;lieve&#8221; (&#8230;) sarcasmo, che pare un ossimoro ma non lo \u00e8. Di satira vernacolare, anche***. Non dimenticando il &#8220;suo&#8221; Teatro. Ci conoscemmo alla met\u00e0 degli anni &#8217;70 quando chiesi al regista&#8230;  <a class=\"excerpt-read-more\" href=\"https:\/\/blog.telenuovo.it\/nino-gazzini\/2019\/11\/20\/verona-meno-ricca-no-ghe-verso\/\" title=\"Read VERONA MENO RICCA &#8220;NO GH&#8217;E&#8217; VERSO&#8221;&#8230;\">Leggi tutto &raquo;<\/a><\/p>\n","protected":false},"author":8,"featured_media":0,"comment_status":"open","ping_status":"open","sticky":false,"template":"","format":"standard","meta":[],"categories":[1],"tags":[],"_links":{"self":[{"href":"https:\/\/blog.telenuovo.it\/nino-gazzini\/wp-json\/wp\/v2\/posts\/1596"}],"collection":[{"href":"https:\/\/blog.telenuovo.it\/nino-gazzini\/wp-json\/wp\/v2\/posts"}],"about":[{"href":"https:\/\/blog.telenuovo.it\/nino-gazzini\/wp-json\/wp\/v2\/types\/post"}],"author":[{"embeddable":true,"href":"https:\/\/blog.telenuovo.it\/nino-gazzini\/wp-json\/wp\/v2\/users\/8"}],"replies":[{"embeddable":true,"href":"https:\/\/blog.telenuovo.it\/nino-gazzini\/wp-json\/wp\/v2\/comments?post=1596"}],"version-history":[{"count":1,"href":"https:\/\/blog.telenuovo.it\/nino-gazzini\/wp-json\/wp\/v2\/posts\/1596\/revisions"}],"predecessor-version":[{"id":1597,"href":"https:\/\/blog.telenuovo.it\/nino-gazzini\/wp-json\/wp\/v2\/posts\/1596\/revisions\/1597"}],"wp:attachment":[{"href":"https:\/\/blog.telenuovo.it\/nino-gazzini\/wp-json\/wp\/v2\/media?parent=1596"}],"wp:term":[{"taxonomy":"category","embeddable":true,"href":"https:\/\/blog.telenuovo.it\/nino-gazzini\/wp-json\/wp\/v2\/categories?post=1596"},{"taxonomy":"post_tag","embeddable":true,"href":"https:\/\/blog.telenuovo.it\/nino-gazzini\/wp-json\/wp\/v2\/tags?post=1596"}],"curies":[{"name":"wp","href":"https:\/\/api.w.org\/{rel}","templated":true}]}}