{"id":1644,"date":"2020-06-12T18:21:39","date_gmt":"2020-06-12T16:21:39","guid":{"rendered":"https:\/\/blog.telenuovo.it\/nino-gazzini\/?p=1644"},"modified":"2020-06-12T18:21:39","modified_gmt":"2020-06-12T16:21:39","slug":"non-mi-inginocchiero-per-floyd-forse","status":"publish","type":"post","link":"https:\/\/blog.telenuovo.it\/nino-gazzini\/2020\/06\/12\/non-mi-inginocchiero-per-floyd-forse\/","title":{"rendered":"NON MI INGINOCCHIERO&#8217; PER FLOYD (FORSE)"},"content":{"rendered":"<p>Iniziando questo Topic non mi sento completamente degno di fare un gesto autentico che ABBIA UNA DECENTE CONTINUITA&#8217;.<\/p>\n<p>Perch\u00e8 il vero problema che ci riguarda tutti, parlo di noi antirazzisti sta proprio l\u00ec.<\/p>\n<p>Un gesto di umilt\u00e0 e partecipazione, pure sincero, e poi archiviato nelle cento ingiustizie, di ogni tipo, che la nostra &#8220;civilt\u00e0&#8221; si \u00e8 creata.<\/p>\n<p>Una sorta di BIG DATA da tirar fuori ogni tanto.<\/p>\n<p>C&#8217;\u00e8 quelcuno di voi, sopra i cinquant&#8217;anni che si ricorda del massacro del tassista nero RODNEY KING che non si era fermato subito per un eccesso di velocit\u00e0 e poi fu bastonato a sangue con commenti dei poliziotti via radio che comunicavano ai loro colleghi il proprio divertimento?<\/p>\n<p>E quello che successe due settimane dopo quando una BAMBINA di 14 anni, Latashe Harlins, fu uccisa con un colpo di pistola alla testa dalla titolare con una disinvoltura sconvolgente, colpevole per quest&#8217;ultima di aver rubato un succo di frutta (?!?) mentre in realt\u00e0 Latasha aveva i soldi in mano per pagare?<\/p>\n<p>E i processi come andarono?<\/p>\n<p>Perch\u00e8 una &#8220;strana&#8221; giustizia esiste unche negli USA.<\/p>\n<p>RODNEY KING: gli spostarono il processo nella periferia di Los Angeles abitata per il 90% da bianchi. La giuria venne cos\u00ec composta: 10 bianchi, 1 Ispanico, 1 asiatico e 1 di nazionalit\u00e0 mista, ma non di colore.<\/p>\n<p>Risultato: tutti e quattro i poliziotti assolti, guardate le immagini del pestaggio e poi ditemi.<\/p>\n<p>LATASHA HARLINS: la giuria condann\u00f2 la titolare del negozio a SEDICI ANNI di carcere,<\/p>\n<p>La giudice, poco pi\u00f9 che trentenne riform\u00f2 la sentenza con quesre parole: la mia esperienza (???) mi ha insegnato a riconoscere (??) i criminali e l&#8217;imputata non\u00a0 \u00e8 tra questi.<\/p>\n<p>Risultato: UN ANNO di carcere, alcuni anni nei servizi sociali i restanti dieci in libert\u00e0 vigilata!<\/p>\n<p>I neri, dopo oltre trecento anni di schiavit\u00f9 bestiale combatterono nella Guerra di Secessione, e qualsiasi pirla che non abbia letto una riga di quella storia dir\u00e0 &#8220;beh, combatterono per liberarsi dalla schiavit\u00f9&#8221;.<\/p>\n<p>Il solito pirla non avr\u00e0 letto una riga di ci\u00f2 che accadde finita la guerra.<\/p>\n<p>I neri combatterono a centinaia di migliaia nella Prima Guerra mondiale sotto le bandiere inglesi, francesi.<\/p>\n<p>Gli USA scesero in guerra solo nel 1917 e i soldati di colore c&#8217;erano.<\/p>\n<p>Nella Seconda Guerra Mondiale la presenza di soldati di colore era cospicua, ma utilizzata in funzioni minori, tranne qualche eccezione, perch\u00e8 i neri erano &#8220;pigri e non considerati idonei&#8221;, ma la realt\u00e0 storica OGGI dice il contrario.<\/p>\n<p>Mi risulta difficile trovare una &#8220;bestia&#8221; frutto dell&#8217;uomo peggiore del razzismo.<\/p>\n<p>S\u00ec Floyd, mi inginocchier\u00f2, perch\u00e8 per ci\u00f2 che mi riguarda SO BENE di avere avuto e avere tuttora il titolo per farlo.<\/p>\n","protected":false},"excerpt":{"rendered":"<p>Iniziando questo Topic non mi sento completamente degno di fare un gesto autentico che ABBIA UNA DECENTE CONTINUITA&#8217;. Perch\u00e8 il vero problema che ci riguarda tutti, parlo di noi antirazzisti sta proprio l\u00ec. Un gesto di umilt\u00e0 e partecipazione, pure sincero, e poi archiviato nelle cento ingiustizie, di ogni tipo, che la nostra &#8220;civilt\u00e0&#8221; si&#8230;  <a class=\"excerpt-read-more\" href=\"https:\/\/blog.telenuovo.it\/nino-gazzini\/2020\/06\/12\/non-mi-inginocchiero-per-floyd-forse\/\" title=\"Read NON MI INGINOCCHIERO&#8217; PER FLOYD (FORSE)\">Leggi tutto &raquo;<\/a><\/p>\n","protected":false},"author":8,"featured_media":0,"comment_status":"open","ping_status":"open","sticky":false,"template":"","format":"standard","meta":[],"categories":[1],"tags":[],"_links":{"self":[{"href":"https:\/\/blog.telenuovo.it\/nino-gazzini\/wp-json\/wp\/v2\/posts\/1644"}],"collection":[{"href":"https:\/\/blog.telenuovo.it\/nino-gazzini\/wp-json\/wp\/v2\/posts"}],"about":[{"href":"https:\/\/blog.telenuovo.it\/nino-gazzini\/wp-json\/wp\/v2\/types\/post"}],"author":[{"embeddable":true,"href":"https:\/\/blog.telenuovo.it\/nino-gazzini\/wp-json\/wp\/v2\/users\/8"}],"replies":[{"embeddable":true,"href":"https:\/\/blog.telenuovo.it\/nino-gazzini\/wp-json\/wp\/v2\/comments?post=1644"}],"version-history":[{"count":1,"href":"https:\/\/blog.telenuovo.it\/nino-gazzini\/wp-json\/wp\/v2\/posts\/1644\/revisions"}],"predecessor-version":[{"id":1645,"href":"https:\/\/blog.telenuovo.it\/nino-gazzini\/wp-json\/wp\/v2\/posts\/1644\/revisions\/1645"}],"wp:attachment":[{"href":"https:\/\/blog.telenuovo.it\/nino-gazzini\/wp-json\/wp\/v2\/media?parent=1644"}],"wp:term":[{"taxonomy":"category","embeddable":true,"href":"https:\/\/blog.telenuovo.it\/nino-gazzini\/wp-json\/wp\/v2\/categories?post=1644"},{"taxonomy":"post_tag","embeddable":true,"href":"https:\/\/blog.telenuovo.it\/nino-gazzini\/wp-json\/wp\/v2\/tags?post=1644"}],"curies":[{"name":"wp","href":"https:\/\/api.w.org\/{rel}","templated":true}]}}